{"id":73468,"date":"2020-02-27T08:00:26","date_gmt":"2020-02-27T13:00:26","guid":{"rendered":"https:\/\/isarta.com\/infos\/?p=73468"},"modified":"2020-02-26T23:19:16","modified_gmt":"2020-02-27T04:19:16","slug":"fil-de-presse-vol-de-donnees-108-m-de-cout-pour-desjardins-et-depart-du-patron-emblematique-de-disney","status":"publish","type":"post","link":"https:\/\/isarta.com\/infos\/fil-de-presse-vol-de-donnees-108-m-de-cout-pour-desjardins-et-depart-du-patron-emblematique-de-disney\/","title":{"rendered":"Fil de presse &#8211; Vol de donn\u00e9es : 108 M$ de co\u00fbt pour Desjardins et d\u00e9part du patron embl\u00e9matique de Disney"},"content":{"rendered":"<p><span style=\"font-size: 12px; color: #999999;\">27 f\u00e9vrier 2020<\/span><\/p>\n<p><span style=\"color: #333333;\"><strong><span style=\"font-size: 20px;\">Vous n&rsquo;avez pas eu le temps de suivre les derni\u00e8res infos du marketing et des technologies ? Voici les faits saillants.<\/span><\/strong><\/span><\/p>\n<h2><a href=\"https:\/\/www.lapresse.ca\/affaires\/techno\/202002\/26\/01-5262455-google-prevoit-dinvestir-10-milliards-de-dollars-aux-etats-unis-en-2020.php\" target=\"_blank\" rel=\"noopener\"><span style=\"font-size: 24px;\"><strong>100 milliards d&rsquo;investissements pour Google aux \u00c9tats-Unis<\/strong><\/span><\/a><\/h2>\n<p><img loading=\"lazy\" class=\"alignleft  wp-image-44981\" src=\"https:\/\/isarta.com\/infos\/wp-content\/uploads\/2017\/06\/google-1-300x200.jpg\" alt=\"\" width=\"236\" height=\"157\" srcset=\"https:\/\/isarta.com\/infos\/wp-content\/uploads\/2017\/06\/google-1-300x200.jpg 300w, https:\/\/isarta.com\/infos\/wp-content\/uploads\/2017\/06\/google-1.jpg 641w\" sizes=\"(max-width: 236px) 100vw, 236px\" \/>Le g\u00e9ant technologique am\u00e9ricain Google pr\u00e9voit d\u2019investir plus de 10\u00a0milliards de dollars en 2020 dans des bureaux et centres de donn\u00e9es aux \u00c9tats-Unis, en plus des 22\u00a0milliards d\u00e9j\u00e0 d\u00e9pens\u00e9s au cours des deux ann\u00e9es pr\u00e9c\u00e9dentes, a annonc\u00e9 son patron Sundar Pichai.<\/p>\n<p>Lire la suite sur <a href=\"https:\/\/www.lapresse.ca\/affaires\/techno\/202002\/26\/01-5262455-google-prevoit-dinvestir-10-milliards-de-dollars-aux-etats-unis-en-2020.php\" target=\"_blank\" rel=\"noopener\"><span style=\"color: #3366ff;\">La Presse<\/span><\/a><\/p>\n<div class=\"brdr2\"><\/div>\n<h2><a href=\"https:\/\/www.lapresse.ca\/affaires\/entreprises\/202002\/25\/01-5262363-bob-chapek-remplace-bob-iger-a-la-tete-de-disney.php\"><span style=\"font-size: 24px;\"><strong>Le patron embl\u00e9matique de Disney annonce son d\u00e9part<\/strong><\/span><\/a><\/h2>\n<p><img loading=\"lazy\" class=\"alignleft size-medium wp-image-70487\" src=\"https:\/\/isarta.com\/infos\/wp-content\/uploads\/2019\/11\/disney-plus-300x200.jpg\" alt=\"\" width=\"300\" height=\"200\" srcset=\"https:\/\/isarta.com\/infos\/wp-content\/uploads\/2019\/11\/disney-plus-300x200.jpg 300w, https:\/\/isarta.com\/infos\/wp-content\/uploads\/2019\/11\/disney-plus-768x512.jpg 768w, https:\/\/isarta.com\/infos\/wp-content\/uploads\/2019\/11\/disney-plus-1024x683.jpg 1024w, https:\/\/isarta.com\/infos\/wp-content\/uploads\/2019\/11\/disney-plus-272x182.jpg 272w, https:\/\/isarta.com\/infos\/wp-content\/uploads\/2019\/11\/disney-plus.jpg 1200w\" sizes=\"(max-width: 300px) 100vw, 300px\" \/>Le PDG de Disney Bob Iger, qui a fait du Royaume enchant\u00e9 un empire du divertissement, va laisser sa place \u00e0 la fin de l\u2019ann\u00e9e prochaine \u00e0 Bob Chapek, qui dirige les parcs d\u2019attraction et produits d\u00e9riv\u00e9s, a annonc\u00e9 mardi le groupe dans un communiqu\u00e9 inattendu.<\/p>\n<p>Lire la suite sur <a href=\"https:\/\/www.lapresse.ca\/affaires\/entreprises\/202002\/25\/01-5262363-bob-chapek-remplace-bob-iger-a-la-tete-de-disney.php\" target=\"_blank\" rel=\"noopener\"><span style=\"color: #3366ff;\">La Presse<\/span><\/a><\/p>\n<div class=\"brdr2\"><\/div>\n<h2><a href=\"https:\/\/www.lapresse.ca\/affaires\/entreprises\/202002\/26\/01-5262460-le-vol-de-donnees-a-coute-108-millions-a-desjardins.php\" target=\"_blank\" rel=\"noopener\"><span style=\"font-size: 24px;\"><strong>108 M$ : le co\u00fbt du vol de donn\u00e9es chez Desjardins<\/strong><\/span><\/a><\/h2>\n<p><img loading=\"lazy\" class=\"alignleft size-medium wp-image-53035\" src=\"https:\/\/isarta.com\/infos\/wp-content\/uploads\/2018\/03\/DESJARDINS-300x169.jpg\" alt=\"\" width=\"300\" height=\"169\" srcset=\"https:\/\/isarta.com\/infos\/wp-content\/uploads\/2018\/03\/DESJARDINS-300x169.jpg 300w, https:\/\/isarta.com\/infos\/wp-content\/uploads\/2018\/03\/DESJARDINS-768x432.jpg 768w, https:\/\/isarta.com\/infos\/wp-content\/uploads\/2018\/03\/DESJARDINS-1024x576.jpg 1024w, https:\/\/isarta.com\/infos\/wp-content\/uploads\/2018\/03\/DESJARDINS-900x506.jpg 900w\" sizes=\"(max-width: 300px) 100vw, 300px\" \/>La facture du vol de donn\u00e9e massif survenu l\u2019an dernier au Mouvement Desjardins s\u2019est av\u00e9r\u00e9e plus sal\u00e9e, \u00e0 108\u00a0millions, mais cela n\u2019a pas frein\u00e9 la croissance de ses exc\u00e9dents ainsi que de la ristourne vers\u00e9e \u00e0 ses membres.<\/p>\n<p>Lire la suite sur <a href=\"https:\/\/www.lapresse.ca\/affaires\/entreprises\/202002\/26\/01-5262460-le-vol-de-donnees-a-coute-108-millions-a-desjardins.php\" target=\"_blank\" rel=\"noopener\"><span style=\"color: #3366ff;\">La Presse<\/span><\/a><\/p>\n<div class=\"brdr2\"><\/div>\n<div class=\"likebtn_container\" style=\"clear:both;text-align:center;\"><!-- LikeBtn.com BEGIN --><span class=\"likebtn-wrapper\"  data-identifier=\"post_73468\"  data-site_id=\"5cc1ecd16fd08b776710d1e9\"  data-theme=\"drop\"  data-btn_size=\"100\"  data-icon_l=\"false\"  data-icon_d=\"false\"  data-icon_l_url=\"https:\/\/isarta.com\/infos\/wp-content\/uploads\/2019\/04\/happy.png#64794\"  data-icon_d_url=\"https:\/\/isarta.com\/infos\/wp-content\/uploads\/2019\/04\/sleep.png#64796\"  data-icon_size=\"58\"  data-icon_l_c=\"#771414\"  data-bg_c=\"#ffffff\"  data-bg_c_v=\"#ffffff\"  data-brdr_c=\"#ffffff\"  data-f_size=\"11\"  data-f_family=\"Tahoma\"  data-counter_fs=\"b\"  data-lang=\"fr\"  data-ef_voting=\"wobble\"  data-dislike_enabled=\"false\"  data-counter_type=\"percent\"  data-counter_show=\"false\"  data-tooltip_enabled=\"false\"  data-tooltip_like_show_always=\"true\"  data-white_label=\"true\"  data-i18n_like=\"Aimer \/ Partager\"  data-i18n_dislike=\"Pas aim\u00e9\"  data-style=\"\"  data-unlike_allowed=\"\"  data-show_copyright=\"\"  data-item_url=\"https:\/\/isarta.com\/infos\/fil-de-presse-vol-de-donnees-108-m-de-cout-pour-desjardins-et-depart-du-patron-emblematique-de-disney\/\"  data-item_title=\"Fil de presse - Vol de donn\u00e9es : 108 M$ de co\u00fbt pour Desjardins et d\u00e9part du patron embl\u00e9matique de Disney\"  data-item_image=\"https:\/\/isarta.com\/infos\/wp-content\/uploads\/2018\/03\/DESJARDINS-1024x576.jpg\"  data-item_date=\"2020-02-27T08:00:26-05:00\"  data-engine=\"WordPress\"  data-plugin_v=\"2.6.54\"  data-prx=\"https:\/\/isarta.com\/infos\/wp-admin\/admin-ajax.php?action=likebtn_prx\"  data-event_handler=\"likebtn_eh\" ><\/span><!-- LikeBtn.com END --><\/p>\n<hr size=\"3\"><\/div>\n","protected":false},"excerpt":{"rendered":"<p>Vous n&rsquo;avez pas eu le temps de suivre les derni\u00e8res infos du marketing et des technologies ? Voici les faits saillants.<\/p>\n<div class=\"likebtn_container\" style=\"clear:both;text-align:center;\"><!-- LikeBtn.com BEGIN --><span class=\"likebtn-wrapper\"  data-identifier=\"post_73468\"  data-site_id=\"5cc1ecd16fd08b776710d1e9\"  data-theme=\"drop\"  data-btn_size=\"100\"  data-icon_l=\"false\"  data-icon_d=\"false\"  data-icon_l_url=\"https:\/\/isarta.com\/infos\/wp-content\/uploads\/2019\/04\/happy.png#64794\"  data-icon_d_url=\"https:\/\/isarta.com\/infos\/wp-content\/uploads\/2019\/04\/sleep.png#64796\"  data-icon_size=\"58\"  data-icon_l_c=\"#771414\"  data-bg_c=\"#ffffff\"  data-bg_c_v=\"#ffffff\"  data-brdr_c=\"#ffffff\"  data-f_size=\"11\"  data-f_family=\"Tahoma\"  data-counter_fs=\"b\"  data-lang=\"fr\"  data-ef_voting=\"wobble\"  data-dislike_enabled=\"false\"  data-counter_type=\"percent\"  data-counter_show=\"false\"  data-tooltip_enabled=\"false\"  data-tooltip_like_show_always=\"true\"  data-white_label=\"true\"  data-i18n_like=\"Aimer \/ Partager\"  data-i18n_dislike=\"Pas aim\u00e9\"  data-style=\"\"  data-unlike_allowed=\"\"  data-show_copyright=\"\"  data-item_url=\"https:\/\/isarta.com\/infos\/fil-de-presse-vol-de-donnees-108-m-de-cout-pour-desjardins-et-depart-du-patron-emblematique-de-disney\/\"  data-item_title=\"Fil de presse - Vol de donn\u00e9es : 108 M$ de co\u00fbt pour Desjardins et d\u00e9part du patron embl\u00e9matique de Disney\"  data-item_image=\"https:\/\/isarta.com\/infos\/wp-content\/uploads\/2018\/03\/DESJARDINS-1024x576.jpg\"  data-item_date=\"2020-02-27T08:00:26-05:00\"  data-engine=\"WordPress\"  data-plugin_v=\"2.6.54\"  data-prx=\"https:\/\/isarta.com\/infos\/wp-admin\/admin-ajax.php?action=likebtn_prx\"  data-event_handler=\"likebtn_eh\" ><\/span><!-- LikeBtn.com END --><hr size=\"3\"><\/div>","protected":false},"author":1,"featured_media":53035,"comment_status":"open","ping_status":"open","sticky":false,"template":"","format":"standard","meta":[],"categories":[175,137],"tags":[910,206,1176],"_links":{"self":[{"href":"https:\/\/isarta.com\/infos\/wp-json\/wp\/v2\/posts\/73468"}],"collection":[{"href":"https:\/\/isarta.com\/infos\/wp-json\/wp\/v2\/posts"}],"about":[{"href":"https:\/\/isarta.com\/infos\/wp-json\/wp\/v2\/types\/post"}],"author":[{"embeddable":true,"href":"https:\/\/isarta.com\/infos\/wp-json\/wp\/v2\/users\/1"}],"replies":[{"embeddable":true,"href":"https:\/\/isarta.com\/infos\/wp-json\/wp\/v2\/comments?post=73468"}],"version-history":[{"count":3,"href":"https:\/\/isarta.com\/infos\/wp-json\/wp\/v2\/posts\/73468\/revisions"}],"predecessor-version":[{"id":73518,"href":"https:\/\/isarta.com\/infos\/wp-json\/wp\/v2\/posts\/73468\/revisions\/73518"}],"wp:featuredmedia":[{"embeddable":true,"href":"https:\/\/isarta.com\/infos\/wp-json\/wp\/v2\/media\/53035"}],"wp:attachment":[{"href":"https:\/\/isarta.com\/infos\/wp-json\/wp\/v2\/media?parent=73468"}],"wp:term":[{"taxonomy":"category","embeddable":true,"href":"https:\/\/isarta.com\/infos\/wp-json\/wp\/v2\/categories?post=73468"},{"taxonomy":"post_tag","embeddable":true,"href":"https:\/\/isarta.com\/infos\/wp-json\/wp\/v2\/tags?post=73468"}],"curies":[{"name":"wp","href":"https:\/\/api.w.org\/{rel}","templated":true}]}}