{"id":73881,"date":"2020-03-09T17:20:31","date_gmt":"2020-03-09T21:20:31","guid":{"rendered":"https:\/\/isarta.com\/infos\/?p=73881"},"modified":"2020-03-09T17:20:31","modified_gmt":"2020-03-09T21:20:31","slug":"julie-boucher-nommee-vice-presidente-communications-affaires-gouvernementales-et-relations-avec-les-autochtones","status":"publish","type":"post","link":"https:\/\/isarta.com\/infos\/julie-boucher-nommee-vice-presidente-communications-affaires-gouvernementales-et-relations-avec-les-autochtones\/","title":{"rendered":"Julie Boucher nomm\u00e9e Vice-pr\u00e9sidente \u2013 Communications, affaires gouvernementales et relations avec les autochtones"},"content":{"rendered":"<p><img loading=\"lazy\" class=\"size-medium wp-image-73882 aligncenter\" src=\"https:\/\/isarta.com\/infos\/wp-content\/uploads\/2020\/03\/Julie-Boucher-hydro-300x300.jpg\" alt=\"\" width=\"300\" height=\"300\" srcset=\"https:\/\/isarta.com\/infos\/wp-content\/uploads\/2020\/03\/Julie-Boucher-hydro-300x300.jpg 300w, https:\/\/isarta.com\/infos\/wp-content\/uploads\/2020\/03\/Julie-Boucher-hydro-144x144.jpg 144w, https:\/\/isarta.com\/infos\/wp-content\/uploads\/2020\/03\/Julie-Boucher-hydro.jpg 450w\" sizes=\"(max-width: 300px) 100vw, 300px\" \/><\/p>\n<p><span style=\"font-size: 12px;\">9 mars 2020<\/span><\/p>\n<p><span style=\"font-size: 20px;\"><strong>Hydro-Qu\u00e9bec a une nouvelle vice-pr\u00e9sidente \u2013 Communications, affaires gouvernementales et relations avec les autochtones\u00a0: Julie Boucher. \u00c0 ce titre, elle est responsable des communications internes et externes, des affaires publiques et gouvernementales, des communications et strat\u00e9gies marketing ainsi que des relations avec les collectivit\u00e9s et les communaut\u00e9s autochtones.<\/strong> <\/span><\/p>\n<p>Elle supervise \u00e9galement les initiatives d\u2019Hydro-Qu\u00e9bec en \u00e9lectrification des transports, y compris le Circuit \u00e9lectrique.<\/p>\n<p>Gestionnaire accomplie, Julie Boucher a d\u2019abord travaill\u00e9 pendant sept ans comme journaliste \u00e0 l\u2019antenne de TQS et Radio-Canada. Arriv\u00e9e \u00e0 Hydro-Qu\u00e9bec en 2007 \u00e0 titre de porte-parole aupr\u00e8s des m\u00e9dias au Saguenay\u2013Lac-Saint-Jean, Julie est devenue gestionnaire en 2009.<\/p>\n<p>Elle a occup\u00e9 des postes \u00e0 responsabilit\u00e9s croissantes dans les domaines des relations avec les collectivit\u00e9s, des affaires publiques et gouvernementales et des communications, dont celui de directrice principale \u2013 Communications et affaires publiques et gouvernementales.<\/p>\n<p>Julie s\u2019est d\u00e9marqu\u00e9e tout au long de son parcours. Rassembleuse, authentique et rigoureuse, elle prend la barre d\u2019une \u00e9quipe solide au sein d\u2019une organisation o\u00f9 le travail des professionnels des communications est grandement valoris\u00e9.<\/p>\n<p>Julie Boucher est titulaire d\u2019un baccalaur\u00e9at en g\u00e9ographie avec mineure en sciences politiques de l\u2019Universit\u00e9 du Qu\u00e9bec \u00e0 Chicoutimi (UQAC). Elle est vice-pr\u00e9sidente du conseil d\u2019administration d\u2019Hydro\u00e9lectricit\u00e9 Canada (HC) et si\u00e8ge au conseil d\u2019administration du Conseil des relations internationales de Montr\u00e9al (CORIM).<\/p>\n<div class=\"likebtn_container\" style=\"clear:both;text-align:center;\"><!-- LikeBtn.com BEGIN --><span class=\"likebtn-wrapper\"  data-identifier=\"post_73881\"  data-site_id=\"5cc1ecd16fd08b776710d1e9\"  data-theme=\"drop\"  data-btn_size=\"100\"  data-icon_l=\"false\"  data-icon_d=\"false\"  data-icon_l_url=\"https:\/\/isarta.com\/infos\/wp-content\/uploads\/2019\/04\/happy.png#64794\"  data-icon_d_url=\"https:\/\/isarta.com\/infos\/wp-content\/uploads\/2019\/04\/sleep.png#64796\"  data-icon_size=\"58\"  data-icon_l_c=\"#771414\"  data-bg_c=\"#ffffff\"  data-bg_c_v=\"#ffffff\"  data-brdr_c=\"#ffffff\"  data-f_size=\"11\"  data-f_family=\"Tahoma\"  data-counter_fs=\"b\"  data-lang=\"fr\"  data-ef_voting=\"wobble\"  data-dislike_enabled=\"false\"  data-counter_type=\"percent\"  data-counter_show=\"false\"  data-tooltip_enabled=\"false\"  data-tooltip_like_show_always=\"true\"  data-white_label=\"true\"  data-i18n_like=\"Aimer \/ Partager\"  data-i18n_dislike=\"Pas aim\u00e9\"  data-style=\"\"  data-unlike_allowed=\"\"  data-show_copyright=\"\"  data-item_url=\"https:\/\/isarta.com\/infos\/julie-boucher-nommee-vice-presidente-communications-affaires-gouvernementales-et-relations-avec-les-autochtones\/\"  data-item_title=\"Julie Boucher nomm\u00e9e Vice-pr\u00e9sidente \u2013 Communications, affaires gouvernementales et relations avec les autochtones\"  data-item_image=\"https:\/\/isarta.com\/infos\/wp-content\/uploads\/2020\/03\/Julie-Boucher-hydro.jpg\"  data-item_date=\"2020-03-09T17:20:31-04:00\"  data-engine=\"WordPress\"  data-plugin_v=\"2.6.54\"  data-prx=\"https:\/\/isarta.com\/infos\/wp-admin\/admin-ajax.php?action=likebtn_prx\"  data-event_handler=\"likebtn_eh\" ><\/span><!-- LikeBtn.com END --><\/p>\n<hr size=\"3\"><\/div>\n","protected":false},"excerpt":{"rendered":"<p>Hydro-Qu\u00e9bec a une nouvelle vice-pr\u00e9sidente \u2013 Communications, affaires gouvernementales et relations avec les autochtones\u00a0: Julie Boucher. \u00c0 ce titre, elle est responsable des communications internes et externes, des affaires publiques et gouvernementales, des communications et strat\u00e9gies marketing ainsi que des relations avec les collectivit\u00e9s et les communaut\u00e9s autochtones.<\/p>\n<div class=\"likebtn_container\" style=\"clear:both;text-align:center;\"><!-- LikeBtn.com BEGIN --><span class=\"likebtn-wrapper\"  data-identifier=\"post_73881\"  data-site_id=\"5cc1ecd16fd08b776710d1e9\"  data-theme=\"drop\"  data-btn_size=\"100\"  data-icon_l=\"false\"  data-icon_d=\"false\"  data-icon_l_url=\"https:\/\/isarta.com\/infos\/wp-content\/uploads\/2019\/04\/happy.png#64794\"  data-icon_d_url=\"https:\/\/isarta.com\/infos\/wp-content\/uploads\/2019\/04\/sleep.png#64796\"  data-icon_size=\"58\"  data-icon_l_c=\"#771414\"  data-bg_c=\"#ffffff\"  data-bg_c_v=\"#ffffff\"  data-brdr_c=\"#ffffff\"  data-f_size=\"11\"  data-f_family=\"Tahoma\"  data-counter_fs=\"b\"  data-lang=\"fr\"  data-ef_voting=\"wobble\"  data-dislike_enabled=\"false\"  data-counter_type=\"percent\"  data-counter_show=\"false\"  data-tooltip_enabled=\"false\"  data-tooltip_like_show_always=\"true\"  data-white_label=\"true\"  data-i18n_like=\"Aimer \/ Partager\"  data-i18n_dislike=\"Pas aim\u00e9\"  data-style=\"\"  data-unlike_allowed=\"\"  data-show_copyright=\"\"  data-item_url=\"https:\/\/isarta.com\/infos\/julie-boucher-nommee-vice-presidente-communications-affaires-gouvernementales-et-relations-avec-les-autochtones\/\"  data-item_title=\"Julie Boucher nomm\u00e9e Vice-pr\u00e9sidente \u2013 Communications, affaires gouvernementales et relations avec les autochtones\"  data-item_image=\"https:\/\/isarta.com\/infos\/wp-content\/uploads\/2020\/03\/Julie-Boucher-hydro.jpg\"  data-item_date=\"2020-03-09T17:20:31-04:00\"  data-engine=\"WordPress\"  data-plugin_v=\"2.6.54\"  data-prx=\"https:\/\/isarta.com\/infos\/wp-admin\/admin-ajax.php?action=likebtn_prx\"  data-event_handler=\"likebtn_eh\" ><\/span><!-- LikeBtn.com END --><hr size=\"3\"><\/div>","protected":false},"author":1,"featured_media":73882,"comment_status":"open","ping_status":"open","sticky":false,"template":"","format":"standard","meta":[],"categories":[195],"tags":[725,1176,225],"_links":{"self":[{"href":"https:\/\/isarta.com\/infos\/wp-json\/wp\/v2\/posts\/73881"}],"collection":[{"href":"https:\/\/isarta.com\/infos\/wp-json\/wp\/v2\/posts"}],"about":[{"href":"https:\/\/isarta.com\/infos\/wp-json\/wp\/v2\/types\/post"}],"author":[{"embeddable":true,"href":"https:\/\/isarta.com\/infos\/wp-json\/wp\/v2\/users\/1"}],"replies":[{"embeddable":true,"href":"https:\/\/isarta.com\/infos\/wp-json\/wp\/v2\/comments?post=73881"}],"version-history":[{"count":1,"href":"https:\/\/isarta.com\/infos\/wp-json\/wp\/v2\/posts\/73881\/revisions"}],"predecessor-version":[{"id":73883,"href":"https:\/\/isarta.com\/infos\/wp-json\/wp\/v2\/posts\/73881\/revisions\/73883"}],"wp:featuredmedia":[{"embeddable":true,"href":"https:\/\/isarta.com\/infos\/wp-json\/wp\/v2\/media\/73882"}],"wp:attachment":[{"href":"https:\/\/isarta.com\/infos\/wp-json\/wp\/v2\/media?parent=73881"}],"wp:term":[{"taxonomy":"category","embeddable":true,"href":"https:\/\/isarta.com\/infos\/wp-json\/wp\/v2\/categories?post=73881"},{"taxonomy":"post_tag","embeddable":true,"href":"https:\/\/isarta.com\/infos\/wp-json\/wp\/v2\/tags?post=73881"}],"curies":[{"name":"wp","href":"https:\/\/api.w.org\/{rel}","templated":true}]}}