{"id":74489,"date":"2020-03-30T12:35:32","date_gmt":"2020-03-30T16:35:32","guid":{"rendered":"https:\/\/isarta.com\/infos\/?p=74489"},"modified":"2020-07-20T16:43:20","modified_gmt":"2020-07-20T20:43:20","slug":"media-la-presse-quebecor-et-cogeco-prennent-des-mesures-de-reduction-des-couts","status":"publish","type":"post","link":"https:\/\/isarta.com\/infos\/media-la-presse-quebecor-et-cogeco-prennent-des-mesures-de-reduction-des-couts\/","title":{"rendered":"M\u00e9dia : La Presse, Qu\u00e9becor,  Cogeco et M\u00e9tro prennent des mesures de r\u00e9duction des co\u00fbts"},"content":{"rendered":"<p><img loading=\"lazy\" class=\"aligncenter wp-image-54825\" src=\"https:\/\/isarta.com\/infos\/wp-content\/uploads\/2018\/05\/Quebecor-300x200.jpg\" alt=\"\" width=\"494\" height=\"329\" srcset=\"https:\/\/isarta.com\/infos\/wp-content\/uploads\/2018\/05\/Quebecor-300x200.jpg 300w, https:\/\/isarta.com\/infos\/wp-content\/uploads\/2018\/05\/Quebecor.jpg 641w\" sizes=\"(max-width: 494px) 100vw, 494px\" \/><\/p>\n<p><span style=\"font-size: 12px;\">27 mars 2020<\/span><\/p>\n<p><span style=\"font-size: 20px;\"><strong><a href=\"https:\/\/isarta.com\/infos\/le-soleil-et-les-medias-de-la-cn2i-ex-groupe-capitales-medias-suspendent-leurs-publications-papier-et-mettent-a-pied-143-employes\/\" target=\"_blank\" rel=\"noopener\">Apr\u00e8s CN2I<\/a>, c&rsquo;est au tour d&rsquo;autres groupes de m\u00e9dia d&rsquo;annoncer des mises \u00e0 pied et des r\u00e9ductions de salaire pour faire face \u00e0 la crise actuelle de la COVID-19.<\/strong><\/span><\/p>\n<p>La Presse ainsi <a href=\"https:\/\/www.lapresse.ca\/actualites\/202003\/26\/01-5266575-toujours-la-pour-vous.php\" target=\"_blank\" rel=\"noopener\">a annonc\u00e9 son intention<\/a> de r\u00e9duire de 10 % les salaires de tous ses employ\u00e9s (syndiqu\u00e9s, cadres et membres de la haute direction) ainsi que de diminuer temporairement la contribution de l&#8217;employeur aux fonds de pension. Chaque employ\u00e9 verra ainsi sa r\u00e9mun\u00e9ration r\u00e9duite en moyenne de 14 %.<\/p>\n<blockquote><p><span style=\"font-size: 16px;\">La culture de La Presse est bas\u00e9e sur le travail d&rsquo;\u00e9quipe et nous devons demeurer unis pour traverser les prochains mois et continuer d&rsquo;informer nos lecteurs \u00bb, indique <span class=\"xn-person\">Pierre-Elliott Levasseur<\/span>, pr\u00e9sident de l&rsquo;entreprise.\u00a0<\/span><span style=\"font-size: 16px;\">Cette situation hors de l&rsquo;ordinaire nous force \u00e0 prendre des mesures exceptionnelles afin d&rsquo;assurer la p\u00e9rennit\u00e9 de La Presse \u00bb.<\/span><\/p><\/blockquote>\n<p>Selon le communiqu\u00e9, La Presse \u00e9tait en bonne voie d&rsquo;atteindre l&rsquo;\u00e9quilibre financier en 2020.<\/p>\n<blockquote><p><span style=\"font-size: 16px;\"> Notre strat\u00e9gie demeure la m\u00eame, mais les derniers bouleversements nous obligent \u00e0 agir rapidement afin de traverser\u00a0cette\u00a0crise ponctuelle, qui pourrait durer plusieurs mois et poursuivre notre mission de produire une information de qualit\u00e9 accessible gratuitement \u00e0 l&rsquo;ensemble de la population \u00bb, ajoute-t-il.\u00a0<\/span><\/p><\/blockquote>\n<p>Malgr\u00e9 tout, une moyenne de 2\u00a0100 000 personnes consulte La Presse chaque jour depuis le 12 mars dernier, comparativement \u00e0 1 million de lecteurs en moyenne avant la crise.<\/p>\n<blockquote><p><span style=\"font-size: 16px;\">La situation dans les m\u00e9dias est particuli\u00e8rement difficile en ce moment. Les revenus publicitaires sont pratiquement inexistants, mais les m\u00e9dias doivent r\u00e9pondre \u00e0 des exigences de couverture de l&rsquo;actualit\u00e9 encore plus grandes qu&rsquo;en temps normal et redoubler d&rsquo;efforts pour offrir un service essentiel \u00e0 la population. Dans ce contexte, le r\u00f4le des gouvernements est important \u00bb, explique M. Levasseur.<\/span><\/p><\/blockquote>\n<p>La Presse, qui \u00e9volue dans une structure \u00e0 but non lucratif, indique, depuis les deux derni\u00e8res semaines, recevoir en moyenne 200 nouvelles contributions volontaires de ses lecteurs par jour, comparativement \u00e0 25 quotidiennement avant la crise.<\/p>\n<h2><span style=\"font-size: 24px;\"><strong>10 % de mises \u00e0 pied chez Qu\u00e9becor<\/strong><\/span><\/h2>\n<p>Qu\u00e9becor annonce quant \u00e0 elle qu&rsquo;elle a d\u00fb proc\u00e9der, avec regret, <a href=\"https:\/\/www.quebecor.com\/fr\/-\/covid-19-une-mobilisation-constante-pour-nos-employes-nos-clients-et-nos-partenaires\" target=\"_blank\" rel=\"noopener\">\u00e0 la mise \u00e0 pied temporaire de 10 % de ses employ\u00e9s<\/a>. Dans le but de minimiser les cons\u00e9quences \u00e9conomiques sur ces derniers, l&rsquo;entreprise offrira des mesures d&rsquo;aide financi\u00e8re et d&rsquo;accompagnement.<\/p>\n<blockquote><p><span style=\"font-size: 16px;\">Depuis le d\u00e9but de la crise, l&rsquo;ensemble de la grande famille de Qu\u00e9becor a tenu \u00e0 faire preuve de solidarit\u00e9 ainsi qu&rsquo;\u00e0 faire sa part face \u00e0 cette situation sans pr\u00e9c\u00e9dent qui nous affecte tous. L&rsquo;arr\u00eat des activit\u00e9s commerciales jug\u00e9es non essentielles a in\u00e9vitablement entra\u00een\u00e9 un ralentissement de l&rsquo;\u00e9conomie pour plusieurs partenaires d&rsquo;affaires de notre entreprise, et par cons\u00e9quent, a caus\u00e9 une diminution importante des activit\u00e9s dans certains de nos secteurs, expliquant ainsi cette d\u00e9cision difficile\u00a0\u00bb, a ainsi d\u00e9clar\u00e9 Pierre Karl P\u00e9ladeau, pr\u00e9sident et chef de la direction de Qu\u00e9becor.<\/span><\/p><\/blockquote>\n<p>Qu\u00e9becor bonifiera les prestations d&rsquo;aide gouvernementale pour assurer 95 % du salaire des employ\u00e9(e)s dont le salaire annuel est inf\u00e9rieur \u00e0 54\u00a0200 $.<\/p>\n<p>Ces derniers auront \u00e9galement la possibilit\u00e9 d&rsquo;obtenir une avance salariale de deux semaines pour pallier\u00a0les d\u00e9lais des programmes d&rsquo;aide gouvernementale.<\/p>\n<p>Pour les employ\u00e9(e)s b\u00e9n\u00e9ficiant d&rsquo;un salaire de plus de 54\u00a0200 $, la bonification assurera 80 % du salaire, en tenant compte d&rsquo;un plafond salarial fix\u00e9 \u00e0 80 000 $. De plus, les assurances collectives et les r\u00e9gimes d&rsquo;\u00e9pargne-retraite collectifs seront maintenus, de m\u00eame que la participation de l&#8217;employeur s&rsquo;il y a cotisation de l&#8217;employ\u00e9.<\/p>\n<p>S&rsquo;appliquant \u00e0 tous les employ\u00e9s permanents et temporaires, ces mesures seront en vigueur d\u00e8s le lundi 30 mars et maintenus jusqu&rsquo;au 31 mai.\u00a0Celles-ci pourraient \u00e9galement \u00eatre harmonis\u00e9es en fonction de l&rsquo;\u00e9volution de la situation ou des changements apport\u00e9s aux programmes d&rsquo;aide gouvernementale mis en place.<\/p>\n<h2><span style=\"font-size: 24px;\"><strong>130 personnes mises \u00e0 pied chez Cogeco M\u00e9dia<\/strong><\/span><\/h2>\n<div class=\"lead-container\">\n<p class=\"e-p\">Cogeco M\u00e9dia de son c\u00f4t\u00e9 <a href=\"https:\/\/ici.radio-canada.ca\/nouvelle\/1688647\/130-personnes-mises-a-pied-dans-les-stations-de-cogeco-media\" target=\"_blank\" rel=\"noopener\">a mis \u00e0 pied 130 personnes<\/a> \u00e0 travers ses stations de radio en raison de la chute des revenus publicitaires li\u00e9e \u00e0 la pand\u00e9mie de coronavirus. Il s&rsquo;agit de 25 % de la main-d&rsquo;oeuvre de Cogeco M\u00e9dia.\u00a0Les mises \u00e0 pied pourraient durer jusqu&rsquo;au 17 ao\u00fbt.<\/p>\n<blockquote>\n<p class=\"e-p\"><span style=\"font-size: 16px;\"><q lang=\"fr\" style=\"background-color: transparent; font-style: italic;\" data-attributes=\"{&quot;lang&quot;:{&quot;value&quot;:&quot;fr&quot;,&quot;label&quot;:&quot;Fran\u00e7ais&quot;},&quot;value&quot;:{&quot;html&quot;:&quot;Ce sont des mises \u00e0 pied tr\u00e8s temporaires qu'on esp\u00e8re de tr\u00e8s courte dur\u00e9e dans un contexte \u00e9conomique que l'on conna\u00eet tous, tr\u00e8s difficile pr\u00e9sentement&quot;,&quot;text&quot;:&quot;Ce sont des mises \u00e0 pied tr\u00e8s temporaires qu'on esp\u00e8re de tr\u00e8s courte dur\u00e9e dans un contexte \u00e9conomique que l'on conna\u00eet tous, tr\u00e8s difficile pr\u00e9sentement&quot;}}\"><span lang=\"fr\" title=\"Fran\u00e7ais\">Ce sont des mises \u00e0 pied tr\u00e8s temporaires qu&rsquo;on esp\u00e8re de tr\u00e8s courte dur\u00e9e dans un contexte \u00e9conomique que l&rsquo;on conna\u00eet tous, tr\u00e8s difficile pr\u00e9sentement<\/span><\/q><span style=\"background-color: transparent; font-style: italic;\">, a d\u00e9clar\u00e9 Christine Dicaire, directrice principale, communication marketing, de Cogeco M\u00e9dia.<\/span><\/span><\/p>\n<\/blockquote>\n<\/div>\n<h2><span style=\"font-size: 24px;\"><strong>40 % de mise \u00e0 pied chez M\u00e9tro M\u00e9dia<\/strong><\/span><\/h2>\n<p>M\u00e9tro M\u00e9dia\u00a0annonce de son c\u00f4t\u00e9 des mesures importantes afin de prot\u00e9ger l&rsquo;avenir de ses journaux\u00a0: la mise \u00e0 pied temporaire de 40% de ses employ\u00e9s. Tous les d\u00e9partements de l&rsquo;entreprise sont touch\u00e9s par cette mesure, incluant la salle de r\u00e9daction.<\/p>\n<p>M\u00e9tro M\u00e9dia\u00a0poursuivra tout de m\u00eame sa mission d&rsquo;informer gratuitement, bien qu&rsquo;amput\u00e9e de la majeure partie de ses ressources.<\/p>\n<p>Le Journal M\u00e9tro\u00a0continuera d&rsquo;\u00eatre publi\u00e9 5 jours par semaine. Malgr\u00e9 une diminution du tirage d\u00fb \u00e0 la chute de l&rsquo;achalandage dans les stations de m\u00e9tro, il demeure accessible.<\/p>\n<div class=\"likebtn_container\" style=\"clear:both;text-align:center;\"><!-- LikeBtn.com BEGIN --><span class=\"likebtn-wrapper\"  data-identifier=\"post_74489\"  data-site_id=\"5cc1ecd16fd08b776710d1e9\"  data-theme=\"drop\"  data-btn_size=\"100\"  data-icon_l=\"false\"  data-icon_d=\"false\"  data-icon_l_url=\"https:\/\/isarta.com\/infos\/wp-content\/uploads\/2019\/04\/happy.png#64794\"  data-icon_d_url=\"https:\/\/isarta.com\/infos\/wp-content\/uploads\/2019\/04\/sleep.png#64796\"  data-icon_size=\"58\"  data-icon_l_c=\"#771414\"  data-bg_c=\"#ffffff\"  data-bg_c_v=\"#ffffff\"  data-brdr_c=\"#ffffff\"  data-f_size=\"11\"  data-f_family=\"Tahoma\"  data-counter_fs=\"b\"  data-lang=\"fr\"  data-ef_voting=\"wobble\"  data-dislike_enabled=\"false\"  data-counter_type=\"percent\"  data-counter_show=\"false\"  data-tooltip_enabled=\"false\"  data-tooltip_like_show_always=\"true\"  data-white_label=\"true\"  data-i18n_like=\"Aimer \/ Partager\"  data-i18n_dislike=\"Pas aim\u00e9\"  data-style=\"\"  data-unlike_allowed=\"\"  data-show_copyright=\"\"  data-item_url=\"https:\/\/isarta.com\/infos\/media-la-presse-quebecor-et-cogeco-prennent-des-mesures-de-reduction-des-couts\/\"  data-item_title=\"M\u00e9dia : La Presse, Qu\u00e9becor, Cogeco et M\u00e9tro prennent des mesures de r\u00e9duction des co\u00fbts\"  data-item_image=\"https:\/\/isarta.com\/infos\/wp-content\/uploads\/2018\/05\/Quebecor.jpg\"  data-item_date=\"2020-03-30T12:35:32-04:00\"  data-engine=\"WordPress\"  data-plugin_v=\"2.6.54\"  data-prx=\"https:\/\/isarta.com\/infos\/wp-admin\/admin-ajax.php?action=likebtn_prx\"  data-event_handler=\"likebtn_eh\" ><\/span><!-- LikeBtn.com END --><\/p>\n<hr size=\"3\"><\/div>\n","protected":false},"excerpt":{"rendered":"<p>Apr\u00e8s CN2I, c&rsquo;est au tour d&rsquo;autres groupes de m\u00e9dia d&rsquo;annoncer des mises \u00e0 pied et des r\u00e9ductions de salaire pour faire face \u00e0 la crise actuelle de la COVID-19.<\/p>\n<div class=\"likebtn_container\" style=\"clear:both;text-align:center;\"><!-- LikeBtn.com BEGIN --><span class=\"likebtn-wrapper\"  data-identifier=\"post_74489\"  data-site_id=\"5cc1ecd16fd08b776710d1e9\"  data-theme=\"drop\"  data-btn_size=\"100\"  data-icon_l=\"false\"  data-icon_d=\"false\"  data-icon_l_url=\"https:\/\/isarta.com\/infos\/wp-content\/uploads\/2019\/04\/happy.png#64794\"  data-icon_d_url=\"https:\/\/isarta.com\/infos\/wp-content\/uploads\/2019\/04\/sleep.png#64796\"  data-icon_size=\"58\"  data-icon_l_c=\"#771414\"  data-bg_c=\"#ffffff\"  data-bg_c_v=\"#ffffff\"  data-brdr_c=\"#ffffff\"  data-f_size=\"11\"  data-f_family=\"Tahoma\"  data-counter_fs=\"b\"  data-lang=\"fr\"  data-ef_voting=\"wobble\"  data-dislike_enabled=\"false\"  data-counter_type=\"percent\"  data-counter_show=\"false\"  data-tooltip_enabled=\"false\"  data-tooltip_like_show_always=\"true\"  data-white_label=\"true\"  data-i18n_like=\"Aimer \/ Partager\"  data-i18n_dislike=\"Pas aim\u00e9\"  data-style=\"\"  data-unlike_allowed=\"\"  data-show_copyright=\"\"  data-item_url=\"https:\/\/isarta.com\/infos\/media-la-presse-quebecor-et-cogeco-prennent-des-mesures-de-reduction-des-couts\/\"  data-item_title=\"M\u00e9dia : La Presse, Qu\u00e9becor, Cogeco et M\u00e9tro prennent des mesures de r\u00e9duction des co\u00fbts\"  data-item_image=\"https:\/\/isarta.com\/infos\/wp-content\/uploads\/2018\/05\/Quebecor.jpg\"  data-item_date=\"2020-03-30T12:35:32-04:00\"  data-engine=\"WordPress\"  data-plugin_v=\"2.6.54\"  data-prx=\"https:\/\/isarta.com\/infos\/wp-admin\/admin-ajax.php?action=likebtn_prx\"  data-event_handler=\"likebtn_eh\" ><\/span><!-- LikeBtn.com END --><hr size=\"3\"><\/div>","protected":false},"author":1,"featured_media":54825,"comment_status":"open","ping_status":"open","sticky":false,"template":"","format":"standard","meta":[],"categories":[175],"tags":[1057,1176,444],"_links":{"self":[{"href":"https:\/\/isarta.com\/infos\/wp-json\/wp\/v2\/posts\/74489"}],"collection":[{"href":"https:\/\/isarta.com\/infos\/wp-json\/wp\/v2\/posts"}],"about":[{"href":"https:\/\/isarta.com\/infos\/wp-json\/wp\/v2\/types\/post"}],"author":[{"embeddable":true,"href":"https:\/\/isarta.com\/infos\/wp-json\/wp\/v2\/users\/1"}],"replies":[{"embeddable":true,"href":"https:\/\/isarta.com\/infos\/wp-json\/wp\/v2\/comments?post=74489"}],"version-history":[{"count":3,"href":"https:\/\/isarta.com\/infos\/wp-json\/wp\/v2\/posts\/74489\/revisions"}],"predecessor-version":[{"id":74498,"href":"https:\/\/isarta.com\/infos\/wp-json\/wp\/v2\/posts\/74489\/revisions\/74498"}],"wp:featuredmedia":[{"embeddable":true,"href":"https:\/\/isarta.com\/infos\/wp-json\/wp\/v2\/media\/54825"}],"wp:attachment":[{"href":"https:\/\/isarta.com\/infos\/wp-json\/wp\/v2\/media?parent=74489"}],"wp:term":[{"taxonomy":"category","embeddable":true,"href":"https:\/\/isarta.com\/infos\/wp-json\/wp\/v2\/categories?post=74489"},{"taxonomy":"post_tag","embeddable":true,"href":"https:\/\/isarta.com\/infos\/wp-json\/wp\/v2\/tags?post=74489"}],"curies":[{"name":"wp","href":"https:\/\/api.w.org\/{rel}","templated":true}]}}