{"id":74801,"date":"2020-04-08T10:27:45","date_gmt":"2020-04-08T14:27:45","guid":{"rendered":"https:\/\/isarta.com\/infos\/?p=74801"},"modified":"2020-04-08T10:27:45","modified_gmt":"2020-04-08T14:27:45","slug":"casacom-lance-un-balado-special-covid-19","status":"publish","type":"post","link":"https:\/\/isarta.com\/infos\/casacom-lance-un-balado-special-covid-19\/","title":{"rendered":"CASACOM lance un balado sp\u00e9cial COVID-19"},"content":{"rendered":"<p><img loading=\"lazy\" class=\" wp-image-74802 aligncenter\" src=\"https:\/\/isarta.com\/infos\/wp-content\/uploads\/2020\/04\/casacontact-300x220.png\" alt=\"\" width=\"484\" height=\"355\" srcset=\"https:\/\/isarta.com\/infos\/wp-content\/uploads\/2020\/04\/casacontact-300x220.png 300w, https:\/\/isarta.com\/infos\/wp-content\/uploads\/2020\/04\/casacontact.png 498w\" sizes=\"(max-width: 484px) 100vw, 484px\" \/><\/p>\n<p><span style=\"font-size: 10px;\">8 avril 2020<\/span><\/p>\n<p><span style=\"font-size: 20px;\"><strong>CASACOM lance son propre balado, intitul\u00e9 CASAContact, qui donne la parole \u00e0 des professionnels de la communication de toutes les industries afin qu\u2019ils partagent leurs d\u00e9fis d\u2019affaires en lien avec la COVID-19.<\/strong><\/span><\/p>\n<p>Nous avons d\u00e9j\u00e0 conduit des entretiens avec quelques d\u00e9cideurs qui partagent leur point de vue et des id\u00e9es enrichissantes\u00a0:<\/p>\n<ul>\n<li>Gr\u00e9gory Pratte, responsable des affaires publiques de l\u2019organisme de recyclage Tricentris<\/li>\n<\/ul>\n<p><iframe loading=\"lazy\" src=\"https:\/\/w.soundcloud.com\/player\/?url=https%3A\/\/api.soundcloud.com\/tracks\/792461053&amp;color=%23ff5500&amp;auto_play=false&amp;hide_related=false&amp;show_comments=true&amp;show_user=true&amp;show_reposts=false&amp;show_teaser=true&amp;visual=true\" width=\"100%\" height=\"300\" frameborder=\"no\" scrolling=\"no\"><\/iframe><\/p>\n<ul>\n<li>Jean Brodeur, directeur des communications d\u2019EACOM<\/li>\n<\/ul>\n<p><iframe loading=\"lazy\" src=\"https:\/\/w.soundcloud.com\/player\/?url=https%3A\/\/api.soundcloud.com\/tracks\/793373638&amp;color=%23ff5500&amp;auto_play=false&amp;hide_related=false&amp;show_comments=true&amp;show_user=true&amp;show_reposts=false&amp;show_teaser=true&amp;visual=true\" width=\"100%\" height=\"300\" frameborder=\"no\" scrolling=\"no\"><\/iframe><\/p>\n<ul>\n<li>Ir\u00e8ne Marcheterre, directrice des communications, acc\u00e8s \u00e0 l\u2019information et d\u00e9veloppement des partenariats du CHUM<\/li>\n<\/ul>\n<p><iframe loading=\"lazy\" src=\"https:\/\/w.soundcloud.com\/player\/?url=https%3A\/\/api.soundcloud.com\/tracks\/793429699&amp;color=%23ff5500&amp;auto_play=false&amp;hide_related=false&amp;show_comments=true&amp;show_user=true&amp;show_reposts=false&amp;show_teaser=true&amp;visual=true\" width=\"100%\" height=\"300\" frameborder=\"no\" scrolling=\"no\"><\/iframe><\/p>\n<ul>\n<li>Michelle LLambias Meunier, vice-pr\u00e9sidente, Affaires publiques et corporatives de la CCMM<\/li>\n<li>Odile Rivard, directrice marketing et communications de NOVIPRO<\/li>\n<\/ul>\n<p>Il est possible d\u2019\u00e9couter les trois premiers \u00e9pisodes <a href=\"https:\/\/soundcloud.com\/user-798226985\">ici<\/a>.<\/p>\n<p>CASACOM d\u00e9die aussi <a href=\"https:\/\/casacom.ca\/covid19-2\/\" target=\"_blank\" rel=\"noopener\">une section de son site web \u00e0 la COVID-19<\/a>, afin d\u2019en faire un centre de ressources en ce temps de crise. De plus, chaque jeudi, un webinaire est mis en place pour discuter de la communication au temps du coronavirus.<\/p>\n<div class=\"likebtn_container\" style=\"clear:both;text-align:center;\"><!-- LikeBtn.com BEGIN --><span class=\"likebtn-wrapper\"  data-identifier=\"post_74801\"  data-site_id=\"5cc1ecd16fd08b776710d1e9\"  data-theme=\"drop\"  data-btn_size=\"100\"  data-icon_l=\"false\"  data-icon_d=\"false\"  data-icon_l_url=\"https:\/\/isarta.com\/infos\/wp-content\/uploads\/2019\/04\/happy.png#64794\"  data-icon_d_url=\"https:\/\/isarta.com\/infos\/wp-content\/uploads\/2019\/04\/sleep.png#64796\"  data-icon_size=\"58\"  data-icon_l_c=\"#771414\"  data-bg_c=\"#ffffff\"  data-bg_c_v=\"#ffffff\"  data-brdr_c=\"#ffffff\"  data-f_size=\"11\"  data-f_family=\"Tahoma\"  data-counter_fs=\"b\"  data-lang=\"fr\"  data-ef_voting=\"wobble\"  data-dislike_enabled=\"false\"  data-counter_type=\"percent\"  data-counter_show=\"false\"  data-tooltip_enabled=\"false\"  data-tooltip_like_show_always=\"true\"  data-white_label=\"true\"  data-i18n_like=\"Aimer \/ Partager\"  data-i18n_dislike=\"Pas aim\u00e9\"  data-style=\"\"  data-unlike_allowed=\"\"  data-show_copyright=\"\"  data-item_url=\"https:\/\/isarta.com\/infos\/casacom-lance-un-balado-special-covid-19\/\"  data-item_title=\"CASACOM lance un balado sp\u00e9cial COVID-19\"  data-item_image=\"https:\/\/isarta.com\/infos\/wp-content\/uploads\/2020\/04\/casacontact.png\"  data-item_date=\"2020-04-08T10:27:45-04:00\"  data-engine=\"WordPress\"  data-plugin_v=\"2.6.54\"  data-prx=\"https:\/\/isarta.com\/infos\/wp-admin\/admin-ajax.php?action=likebtn_prx\"  data-event_handler=\"likebtn_eh\" ><\/span><!-- LikeBtn.com END --><\/p>\n<hr size=\"3\"><\/div>\n","protected":false},"excerpt":{"rendered":"<p>8 avril 2020 CASACOM lance son propre balado, intitul\u00e9 CASAContact, qui donne la parole \u00e0 des professionnels de la communication de toutes les industries afin qu\u2019ils partagent leurs d\u00e9fis d\u2019affaires en lien avec la COVID-19. Nous avons d\u00e9j\u00e0 conduit des entretiens avec quelques d\u00e9cideurs qui partagent leur point de vue et des id\u00e9es enrichissantes\u00a0: Gr\u00e9gory [&hellip;]<\/p>\n<div class=\"likebtn_container\" style=\"clear:both;text-align:center;\"><!-- LikeBtn.com BEGIN --><span class=\"likebtn-wrapper\"  data-identifier=\"post_74801\"  data-site_id=\"5cc1ecd16fd08b776710d1e9\"  data-theme=\"drop\"  data-btn_size=\"100\"  data-icon_l=\"false\"  data-icon_d=\"false\"  data-icon_l_url=\"https:\/\/isarta.com\/infos\/wp-content\/uploads\/2019\/04\/happy.png#64794\"  data-icon_d_url=\"https:\/\/isarta.com\/infos\/wp-content\/uploads\/2019\/04\/sleep.png#64796\"  data-icon_size=\"58\"  data-icon_l_c=\"#771414\"  data-bg_c=\"#ffffff\"  data-bg_c_v=\"#ffffff\"  data-brdr_c=\"#ffffff\"  data-f_size=\"11\"  data-f_family=\"Tahoma\"  data-counter_fs=\"b\"  data-lang=\"fr\"  data-ef_voting=\"wobble\"  data-dislike_enabled=\"false\"  data-counter_type=\"percent\"  data-counter_show=\"false\"  data-tooltip_enabled=\"false\"  data-tooltip_like_show_always=\"true\"  data-white_label=\"true\"  data-i18n_like=\"Aimer \/ Partager\"  data-i18n_dislike=\"Pas aim\u00e9\"  data-style=\"\"  data-unlike_allowed=\"\"  data-show_copyright=\"\"  data-item_url=\"https:\/\/isarta.com\/infos\/casacom-lance-un-balado-special-covid-19\/\"  data-item_title=\"CASACOM lance un balado sp\u00e9cial COVID-19\"  data-item_image=\"https:\/\/isarta.com\/infos\/wp-content\/uploads\/2020\/04\/casacontact.png\"  data-item_date=\"2020-04-08T10:27:45-04:00\"  data-engine=\"WordPress\"  data-plugin_v=\"2.6.54\"  data-prx=\"https:\/\/isarta.com\/infos\/wp-admin\/admin-ajax.php?action=likebtn_prx\"  data-event_handler=\"likebtn_eh\" ><\/span><!-- LikeBtn.com END --><hr size=\"3\"><\/div>","protected":false},"author":1,"featured_media":74802,"comment_status":"open","ping_status":"open","sticky":false,"template":"","format":"standard","meta":[],"categories":[195],"tags":[449,1057,1176],"_links":{"self":[{"href":"https:\/\/isarta.com\/infos\/wp-json\/wp\/v2\/posts\/74801"}],"collection":[{"href":"https:\/\/isarta.com\/infos\/wp-json\/wp\/v2\/posts"}],"about":[{"href":"https:\/\/isarta.com\/infos\/wp-json\/wp\/v2\/types\/post"}],"author":[{"embeddable":true,"href":"https:\/\/isarta.com\/infos\/wp-json\/wp\/v2\/users\/1"}],"replies":[{"embeddable":true,"href":"https:\/\/isarta.com\/infos\/wp-json\/wp\/v2\/comments?post=74801"}],"version-history":[{"count":1,"href":"https:\/\/isarta.com\/infos\/wp-json\/wp\/v2\/posts\/74801\/revisions"}],"predecessor-version":[{"id":74803,"href":"https:\/\/isarta.com\/infos\/wp-json\/wp\/v2\/posts\/74801\/revisions\/74803"}],"wp:featuredmedia":[{"embeddable":true,"href":"https:\/\/isarta.com\/infos\/wp-json\/wp\/v2\/media\/74802"}],"wp:attachment":[{"href":"https:\/\/isarta.com\/infos\/wp-json\/wp\/v2\/media?parent=74801"}],"wp:term":[{"taxonomy":"category","embeddable":true,"href":"https:\/\/isarta.com\/infos\/wp-json\/wp\/v2\/categories?post=74801"},{"taxonomy":"post_tag","embeddable":true,"href":"https:\/\/isarta.com\/infos\/wp-json\/wp\/v2\/tags?post=74801"}],"curies":[{"name":"wp","href":"https:\/\/api.w.org\/{rel}","templated":true}]}}