{"id":75349,"date":"2020-04-30T12:17:40","date_gmt":"2020-04-30T16:17:40","guid":{"rendered":"https:\/\/isarta.com\/infos\/?p=75349"},"modified":"2020-04-30T15:12:22","modified_gmt":"2020-04-30T19:12:22","slug":"quebecor-lance-le-mouvement-culturedici-pour-soutenir-la-culture-quebecoise","status":"publish","type":"post","link":"https:\/\/isarta.com\/infos\/quebecor-lance-le-mouvement-culturedici-pour-soutenir-la-culture-quebecoise\/","title":{"rendered":"Qu\u00e9becor lance le mouvement #culturedici  pour soutenir la culture qu\u00e9b\u00e9coise"},"content":{"rendered":"<p><img loading=\"lazy\" class=\"aligncenter wp-image-75350\" src=\"https:\/\/isarta.com\/infos\/wp-content\/uploads\/2020\/04\/Culture-dici-quebecor-300x179.jpeg\" alt=\"\" width=\"526\" height=\"314\" srcset=\"https:\/\/isarta.com\/infos\/wp-content\/uploads\/2020\/04\/Culture-dici-quebecor-300x179.jpeg 300w, https:\/\/isarta.com\/infos\/wp-content\/uploads\/2020\/04\/Culture-dici-quebecor-768x458.jpeg 768w, https:\/\/isarta.com\/infos\/wp-content\/uploads\/2020\/04\/Culture-dici-quebecor.jpeg 1005w\" sizes=\"(max-width: 526px) 100vw, 526px\" \/><\/p>\n<p><span style=\"font-size: 12px;\">29 avril 2020<\/span><\/p>\n<p><span style=\"font-size: 20px;\"><strong>Alors que le Qu\u00e9bec rel\u00e8ve ses manches pour planifier la reprise \u00e9conomique, Qu\u00e9becor lance un mouvement d&rsquo;engagement et de soutien en faveur de ceux et celles qui forgent notre culture artistique et entrepreneuriale et qui sont durement touch\u00e9s par cette crise de la COVID-19.\u00a0<\/strong><\/span><\/p>\n<blockquote><p><span style=\"font-size: 16px;\">Ayant toujours eu \u00e0 c\u0153ur de soutenir et de faire rayonner la culture qu\u00e9b\u00e9coise, Qu\u00e9becor poursuit ses efforts en lan\u00e7ant une multitude d&rsquo;offensives visant \u00e0 offrir une visibilit\u00e9 sans pareille aux contenus et aux artistes qu\u00e9b\u00e9cois sur l&rsquo;ensemble de ses plateformes.\u00a0 Depuis le d\u00e9but de la crise, Qu\u00e9becor a mis en place plusieurs mesures afin d&rsquo;aider les Qu\u00e9b\u00e9cois \u00e0 traverser cette situation sans pr\u00e9c\u00e9dent. Aujourd&rsquo;hui, il est d&rsquo;autant plus important d&rsquo;\u00eatre cr\u00e9atif et de trouver de nouvelles fa\u00e7ons de faire d\u00e9couvrir \u00e0 la population du Qu\u00e9bec\u00a0tout le talent, la diversit\u00e9 et la richesse de la culture d&rsquo;ici. C&rsquo;est la somme de nos actions qui feront une diff\u00e9rence. Ensemble, encourageons tout le talent de chez nous !\u00a0\u00bb, a d\u00e9clar\u00e9 Pierre Karl P\u00e9ladeau, pr\u00e9sident et chef de la direction de Qu\u00e9becor.<\/span><\/p><\/blockquote>\n<p><b>Une campagne pour encourager la consommation locale<\/b><\/p>\n<p>\u00ab\u00a0<i>Pour continuer de consommer et de s&rsquo;inspirer localement, applaudissons tout le talent et le savoir-faire de ceux et celles qui enrichissent la culture d&rsquo;ici.<\/i>\u00a0\u00bb Ce message est au c\u0153ur d&rsquo;une vaste campagne de sensibilisation lanc\u00e9e aujourd&rsquo;hui par Qu\u00e9becor, \u00e0 travers l&rsquo;ensemble du Qu\u00e9bec. Articul\u00e9e autour d&rsquo;un mot-clic mobilisateur,\u00a0#culturedici, cette initiative a pour but de saluer le talent qu\u00e9b\u00e9cois et d&rsquo;encourager la consommation locale.<\/p>\n<blockquote><p><span style=\"font-size: 16px;\">La consommation locale est r\u00e9ellement devenue une priorit\u00e9 pour assurer la survie d&rsquo;un bon nombre d&rsquo;acteurs \u00e9conomiques et culturels au Qu\u00e9bec. Il n&rsquo;y a donc jamais eu de meilleurs moments pour afficher notre reconnaissance et notre fiert\u00e9 \u00e0 l&rsquo;\u00e9gard du talent qu\u00e9b\u00e9cois. \u00c0 travers cette campagne, nous voulions faire notre part afin de mobiliser toute la population autour de ce grand objectif commun \u00bb, a expliqu\u00e9\u00a0<span class=\"xn-person\">Claude Foisy<\/span>, vice-pr\u00e9sident marketing de Groupe TVA.\u00a0<\/span><\/p><\/blockquote>\n<p><b>Des gestes concrets et \u00e0 long terme<\/b><\/p>\n<p>Parmi les premi\u00e8res d&rsquo;une longue s\u00e9rie d&rsquo;initiatives mises sur pied par Qu\u00e9becor pour promouvoir la culture qu\u00e9b\u00e9coise :<\/p>\n<ul>\n<li><b>#\u00e9missiondici<\/b>\u00a0: diffusion d&rsquo;une nouvelle \u00e9mission \u00e0 TVA, \u00c7a va bien aller, pour r\u00e9pondre rapidement, pendant la crise de la COVID-19, aux besoins de la population qu\u00e9b\u00e9coise en leur proposant un moyen de se divertir et de briser l&rsquo;isolement en ces temps difficiles.<\/li>\n<\/ul>\n<p>&nbsp;<\/p>\n<ul>\n<li><b>#productionsdici<\/b>\u00a0: cr\u00e9ation d&rsquo;une vitrine sp\u00e9ciale \u00ab Culture d&rsquo;ici \u00bb sur Helix et sur illico de Vid\u00e9otron, regroupant tous les contenus qu\u00e9b\u00e9cois disponibles sur les plateformes sur demande, dont ceux de Club illico qui offre \u00e9galement une section \u00ab Productions qu\u00e9b\u00e9coises \u00bb, en plus du r\u00e9pertoire d&rsquo;\u00c9l\u00e9phant : m\u00e9moire du cin\u00e9ma qu\u00e9b\u00e9cois.<\/li>\n<\/ul>\n<p>&nbsp;<\/p>\n<ul>\n<li><b>#humourdici<\/b>\u00a0: pr\u00e9sentation des spectacles des meilleurs humoristes qu\u00e9b\u00e9cois sur Indigo avec la nouvelle programmation de \u00ab Dr\u00f4lement divertissant \u00bb.<\/li>\n<\/ul>\n<p>&nbsp;<\/p>\n<ul>\n<li><b>#livresdici<\/b>\u00a0: d\u00e9ploiement de la campagne\u00a0<i>Des livres, \u00e7a se livre<\/i>\u00a0pour encourager les auteurs qu\u00e9b\u00e9cois.<\/li>\n<\/ul>\n<p>&nbsp;<\/p>\n<ul>\n<li><b>#entrepreneursdici<\/b>\u00a0: soutien aux entrepreneurs d&rsquo;ici par le biais de la campagne\u00a0<i>Achetons au Qu\u00e9bec<\/i>\u00a0de QUB radio et Porte-Monnaie.<\/li>\n<\/ul>\n<p>&nbsp;<\/p>\n<ul>\n<li><b>#biensdici<\/b>\u00a0: cr\u00e9ation d&rsquo;environnements publicitaires multiplateformes sp\u00e9cialement d\u00e9di\u00e9s aux entreprises locales.<\/li>\n<\/ul>\n<div class=\"likebtn_container\" style=\"clear:both;text-align:center;\"><!-- LikeBtn.com BEGIN --><span class=\"likebtn-wrapper\"  data-identifier=\"post_75349\"  data-site_id=\"5cc1ecd16fd08b776710d1e9\"  data-theme=\"drop\"  data-btn_size=\"100\"  data-icon_l=\"false\"  data-icon_d=\"false\"  data-icon_l_url=\"https:\/\/isarta.com\/infos\/wp-content\/uploads\/2019\/04\/happy.png#64794\"  data-icon_d_url=\"https:\/\/isarta.com\/infos\/wp-content\/uploads\/2019\/04\/sleep.png#64796\"  data-icon_size=\"58\"  data-icon_l_c=\"#771414\"  data-bg_c=\"#ffffff\"  data-bg_c_v=\"#ffffff\"  data-brdr_c=\"#ffffff\"  data-f_size=\"11\"  data-f_family=\"Tahoma\"  data-counter_fs=\"b\"  data-lang=\"fr\"  data-ef_voting=\"wobble\"  data-dislike_enabled=\"false\"  data-counter_type=\"percent\"  data-counter_show=\"false\"  data-tooltip_enabled=\"false\"  data-tooltip_like_show_always=\"true\"  data-white_label=\"true\"  data-i18n_like=\"Aimer \/ Partager\"  data-i18n_dislike=\"Pas aim\u00e9\"  data-style=\"\"  data-unlike_allowed=\"\"  data-show_copyright=\"\"  data-item_url=\"https:\/\/isarta.com\/infos\/quebecor-lance-le-mouvement-culturedici-pour-soutenir-la-culture-quebecoise\/\"  data-item_title=\"Qu\u00e9becor lance le mouvement #culturedici pour soutenir la culture qu\u00e9b\u00e9coise\"  data-item_image=\"https:\/\/isarta.com\/infos\/wp-content\/uploads\/2020\/04\/Culture-dici-quebecor.jpeg\"  data-item_date=\"2020-04-30T12:17:40-04:00\"  data-engine=\"WordPress\"  data-plugin_v=\"2.6.54\"  data-prx=\"https:\/\/isarta.com\/infos\/wp-admin\/admin-ajax.php?action=likebtn_prx\"  data-event_handler=\"likebtn_eh\" ><\/span><!-- LikeBtn.com END --><\/p>\n<hr size=\"3\"><\/div>\n","protected":false},"excerpt":{"rendered":"<p>Qu\u00e9becor lance un mouvement d&rsquo;engagement et de soutien en faveur de ceux et celles qui forgent notre culture artistique et entrepreneuriale et qui sont durement touch\u00e9s par cette crise de la COVID-19.\u00a0<\/p>\n<div class=\"likebtn_container\" style=\"clear:both;text-align:center;\"><!-- LikeBtn.com BEGIN --><span class=\"likebtn-wrapper\"  data-identifier=\"post_75349\"  data-site_id=\"5cc1ecd16fd08b776710d1e9\"  data-theme=\"drop\"  data-btn_size=\"100\"  data-icon_l=\"false\"  data-icon_d=\"false\"  data-icon_l_url=\"https:\/\/isarta.com\/infos\/wp-content\/uploads\/2019\/04\/happy.png#64794\"  data-icon_d_url=\"https:\/\/isarta.com\/infos\/wp-content\/uploads\/2019\/04\/sleep.png#64796\"  data-icon_size=\"58\"  data-icon_l_c=\"#771414\"  data-bg_c=\"#ffffff\"  data-bg_c_v=\"#ffffff\"  data-brdr_c=\"#ffffff\"  data-f_size=\"11\"  data-f_family=\"Tahoma\"  data-counter_fs=\"b\"  data-lang=\"fr\"  data-ef_voting=\"wobble\"  data-dislike_enabled=\"false\"  data-counter_type=\"percent\"  data-counter_show=\"false\"  data-tooltip_enabled=\"false\"  data-tooltip_like_show_always=\"true\"  data-white_label=\"true\"  data-i18n_like=\"Aimer \/ Partager\"  data-i18n_dislike=\"Pas aim\u00e9\"  data-style=\"\"  data-unlike_allowed=\"\"  data-show_copyright=\"\"  data-item_url=\"https:\/\/isarta.com\/infos\/quebecor-lance-le-mouvement-culturedici-pour-soutenir-la-culture-quebecoise\/\"  data-item_title=\"Qu\u00e9becor lance le mouvement #culturedici pour soutenir la culture qu\u00e9b\u00e9coise\"  data-item_image=\"https:\/\/isarta.com\/infos\/wp-content\/uploads\/2020\/04\/Culture-dici-quebecor.jpeg\"  data-item_date=\"2020-04-30T12:17:40-04:00\"  data-engine=\"WordPress\"  data-plugin_v=\"2.6.54\"  data-prx=\"https:\/\/isarta.com\/infos\/wp-admin\/admin-ajax.php?action=likebtn_prx\"  data-event_handler=\"likebtn_eh\" ><\/span><!-- LikeBtn.com END --><hr size=\"3\"><\/div>","protected":false},"author":1,"featured_media":75350,"comment_status":"open","ping_status":"open","sticky":false,"template":"","format":"standard","meta":[],"categories":[175,195],"tags":[1176],"_links":{"self":[{"href":"https:\/\/isarta.com\/infos\/wp-json\/wp\/v2\/posts\/75349"}],"collection":[{"href":"https:\/\/isarta.com\/infos\/wp-json\/wp\/v2\/posts"}],"about":[{"href":"https:\/\/isarta.com\/infos\/wp-json\/wp\/v2\/types\/post"}],"author":[{"embeddable":true,"href":"https:\/\/isarta.com\/infos\/wp-json\/wp\/v2\/users\/1"}],"replies":[{"embeddable":true,"href":"https:\/\/isarta.com\/infos\/wp-json\/wp\/v2\/comments?post=75349"}],"version-history":[{"count":2,"href":"https:\/\/isarta.com\/infos\/wp-json\/wp\/v2\/posts\/75349\/revisions"}],"predecessor-version":[{"id":75403,"href":"https:\/\/isarta.com\/infos\/wp-json\/wp\/v2\/posts\/75349\/revisions\/75403"}],"wp:featuredmedia":[{"embeddable":true,"href":"https:\/\/isarta.com\/infos\/wp-json\/wp\/v2\/media\/75350"}],"wp:attachment":[{"href":"https:\/\/isarta.com\/infos\/wp-json\/wp\/v2\/media?parent=75349"}],"wp:term":[{"taxonomy":"category","embeddable":true,"href":"https:\/\/isarta.com\/infos\/wp-json\/wp\/v2\/categories?post=75349"},{"taxonomy":"post_tag","embeddable":true,"href":"https:\/\/isarta.com\/infos\/wp-json\/wp\/v2\/tags?post=75349"}],"curies":[{"name":"wp","href":"https:\/\/api.w.org\/{rel}","templated":true}]}}