{"id":76081,"date":"2020-06-01T12:20:43","date_gmt":"2020-06-01T16:20:43","guid":{"rendered":"https:\/\/isarta.com\/infos\/?p=76081"},"modified":"2020-06-01T13:59:57","modified_gmt":"2020-06-01T17:59:57","slug":"michel-lemay-nouveau-directeur-executif-affaires-publiques-marketing-et-experience-client-de-lartm","status":"publish","type":"post","link":"https:\/\/isarta.com\/infos\/michel-lemay-nouveau-directeur-executif-affaires-publiques-marketing-et-experience-client-de-lartm\/","title":{"rendered":"Michel Lemay, nouveau Directeur ex\u00e9cutif, Affaires publiques, marketing et exp\u00e9rience client de l&rsquo;ARTM"},"content":{"rendered":"<p><img loading=\"lazy\" class=\" wp-image-76157 aligncenter\" src=\"https:\/\/isarta.com\/infos\/wp-content\/uploads\/2020\/06\/michel-lemay-251x300.jpg\" alt=\"\" width=\"286\" height=\"342\" srcset=\"https:\/\/isarta.com\/infos\/wp-content\/uploads\/2020\/06\/michel-lemay-251x300.jpg 251w, https:\/\/isarta.com\/infos\/wp-content\/uploads\/2020\/06\/michel-lemay-768x917.jpg 768w, https:\/\/isarta.com\/infos\/wp-content\/uploads\/2020\/06\/michel-lemay-858x1024.jpg 858w\" sizes=\"(max-width: 286px) 100vw, 286px\" \/><\/p>\n<p><span style=\"font-size: 10px;\">29 mai 2020<\/span><\/p>\n<p><span style=\"font-size: 20px;\"><strong>L\u2019Autorit\u00e9 r\u00e9gionale de transport m\u00e9tropolitain (ARTM) vient d\u2019accueillir M. Michel Lemay au poste de Directeur ex\u00e9cutif, Affaires publiques, marketing et exp\u00e9rience client. Il entrera en fonction le 15 juin prochain.<\/strong><\/span><\/p>\n<p>D\u00e9tenteur d\u2019une ma\u00eetrise en communication de l\u2019UQ\u00c0M et dipl\u00f4m\u00e9 de HEC Montr\u00e9al, il poss\u00e8de plus de trente-cinq ans d\u2019exp\u00e9rience en relations publiques comme expert-conseil et cadre sup\u00e9rieur.<\/p>\n<p>Il a \u00e9t\u00e9 vice-pr\u00e9sident, Communication et affaires publiques chez Transat A.T. inc. et a occup\u00e9 diff\u00e9rents postes de direction chez Optimum relations publiques.<\/p>\n<div class=\"likebtn_container\" style=\"clear:both;text-align:center;\"><!-- LikeBtn.com BEGIN --><span class=\"likebtn-wrapper\"  data-identifier=\"post_76081\"  data-site_id=\"5cc1ecd16fd08b776710d1e9\"  data-theme=\"drop\"  data-btn_size=\"100\"  data-icon_l=\"false\"  data-icon_d=\"false\"  data-icon_l_url=\"https:\/\/isarta.com\/infos\/wp-content\/uploads\/2019\/04\/happy.png#64794\"  data-icon_d_url=\"https:\/\/isarta.com\/infos\/wp-content\/uploads\/2019\/04\/sleep.png#64796\"  data-icon_size=\"58\"  data-icon_l_c=\"#771414\"  data-bg_c=\"#ffffff\"  data-bg_c_v=\"#ffffff\"  data-brdr_c=\"#ffffff\"  data-f_size=\"11\"  data-f_family=\"Tahoma\"  data-counter_fs=\"b\"  data-lang=\"fr\"  data-ef_voting=\"wobble\"  data-dislike_enabled=\"false\"  data-counter_type=\"percent\"  data-counter_show=\"false\"  data-tooltip_enabled=\"false\"  data-tooltip_like_show_always=\"true\"  data-white_label=\"true\"  data-i18n_like=\"Aimer \/ Partager\"  data-i18n_dislike=\"Pas aim\u00e9\"  data-style=\"\"  data-unlike_allowed=\"\"  data-show_copyright=\"\"  data-item_url=\"https:\/\/isarta.com\/infos\/michel-lemay-nouveau-directeur-executif-affaires-publiques-marketing-et-experience-client-de-lartm\/\"  data-item_title=\"Michel Lemay, nouveau Directeur ex\u00e9cutif, Affaires publiques, marketing et exp\u00e9rience client de l&#039;ARTM\"  data-item_image=\"https:\/\/isarta.com\/infos\/wp-content\/uploads\/2020\/06\/michel-lemay-858x1024.jpg\"  data-item_date=\"2020-06-01T12:20:43-04:00\"  data-engine=\"WordPress\"  data-plugin_v=\"2.6.54\"  data-prx=\"https:\/\/isarta.com\/infos\/wp-admin\/admin-ajax.php?action=likebtn_prx\"  data-event_handler=\"likebtn_eh\" ><\/span><!-- LikeBtn.com END --><\/p>\n<hr size=\"3\"><\/div>\n","protected":false},"excerpt":{"rendered":"<p>L\u2019Autorit\u00e9 r\u00e9gionale de transport m\u00e9tropolitain (ARTM) vient d\u2019accueillir Michel Lemay au poste de Directeur ex\u00e9cutif, Affaires publiques, marketing et exp\u00e9rience client.<\/p>\n<div class=\"likebtn_container\" style=\"clear:both;text-align:center;\"><!-- LikeBtn.com BEGIN --><span class=\"likebtn-wrapper\"  data-identifier=\"post_76081\"  data-site_id=\"5cc1ecd16fd08b776710d1e9\"  data-theme=\"drop\"  data-btn_size=\"100\"  data-icon_l=\"false\"  data-icon_d=\"false\"  data-icon_l_url=\"https:\/\/isarta.com\/infos\/wp-content\/uploads\/2019\/04\/happy.png#64794\"  data-icon_d_url=\"https:\/\/isarta.com\/infos\/wp-content\/uploads\/2019\/04\/sleep.png#64796\"  data-icon_size=\"58\"  data-icon_l_c=\"#771414\"  data-bg_c=\"#ffffff\"  data-bg_c_v=\"#ffffff\"  data-brdr_c=\"#ffffff\"  data-f_size=\"11\"  data-f_family=\"Tahoma\"  data-counter_fs=\"b\"  data-lang=\"fr\"  data-ef_voting=\"wobble\"  data-dislike_enabled=\"false\"  data-counter_type=\"percent\"  data-counter_show=\"false\"  data-tooltip_enabled=\"false\"  data-tooltip_like_show_always=\"true\"  data-white_label=\"true\"  data-i18n_like=\"Aimer \/ Partager\"  data-i18n_dislike=\"Pas aim\u00e9\"  data-style=\"\"  data-unlike_allowed=\"\"  data-show_copyright=\"\"  data-item_url=\"https:\/\/isarta.com\/infos\/michel-lemay-nouveau-directeur-executif-affaires-publiques-marketing-et-experience-client-de-lartm\/\"  data-item_title=\"Michel Lemay, nouveau Directeur ex\u00e9cutif, Affaires publiques, marketing et exp\u00e9rience client de l&#039;ARTM\"  data-item_image=\"https:\/\/isarta.com\/infos\/wp-content\/uploads\/2020\/06\/michel-lemay-858x1024.jpg\"  data-item_date=\"2020-06-01T12:20:43-04:00\"  data-engine=\"WordPress\"  data-plugin_v=\"2.6.54\"  data-prx=\"https:\/\/isarta.com\/infos\/wp-admin\/admin-ajax.php?action=likebtn_prx\"  data-event_handler=\"likebtn_eh\" ><\/span><!-- LikeBtn.com END --><hr size=\"3\"><\/div>","protected":false},"author":1,"featured_media":76157,"comment_status":"open","ping_status":"open","sticky":false,"template":"","format":"standard","meta":[],"categories":[175,195],"tags":[1176,225],"_links":{"self":[{"href":"https:\/\/isarta.com\/infos\/wp-json\/wp\/v2\/posts\/76081"}],"collection":[{"href":"https:\/\/isarta.com\/infos\/wp-json\/wp\/v2\/posts"}],"about":[{"href":"https:\/\/isarta.com\/infos\/wp-json\/wp\/v2\/types\/post"}],"author":[{"embeddable":true,"href":"https:\/\/isarta.com\/infos\/wp-json\/wp\/v2\/users\/1"}],"replies":[{"embeddable":true,"href":"https:\/\/isarta.com\/infos\/wp-json\/wp\/v2\/comments?post=76081"}],"version-history":[{"count":4,"href":"https:\/\/isarta.com\/infos\/wp-json\/wp\/v2\/posts\/76081\/revisions"}],"predecessor-version":[{"id":76159,"href":"https:\/\/isarta.com\/infos\/wp-json\/wp\/v2\/posts\/76081\/revisions\/76159"}],"wp:featuredmedia":[{"embeddable":true,"href":"https:\/\/isarta.com\/infos\/wp-json\/wp\/v2\/media\/76157"}],"wp:attachment":[{"href":"https:\/\/isarta.com\/infos\/wp-json\/wp\/v2\/media?parent=76081"}],"wp:term":[{"taxonomy":"category","embeddable":true,"href":"https:\/\/isarta.com\/infos\/wp-json\/wp\/v2\/categories?post=76081"},{"taxonomy":"post_tag","embeddable":true,"href":"https:\/\/isarta.com\/infos\/wp-json\/wp\/v2\/tags?post=76081"}],"curies":[{"name":"wp","href":"https:\/\/api.w.org\/{rel}","templated":true}]}}