{"id":76381,"date":"2020-06-11T12:05:08","date_gmt":"2020-06-11T16:05:08","guid":{"rendered":"https:\/\/isarta.com\/infos\/?p=76381"},"modified":"2020-06-25T11:00:15","modified_gmt":"2020-06-25T15:00:15","slug":"cristine-laforest-nouvelle-de-directrice-generale-de-fromagerie-bel-canada","status":"publish","type":"post","link":"https:\/\/isarta.com\/infos\/cristine-laforest-nouvelle-de-directrice-generale-de-fromagerie-bel-canada\/","title":{"rendered":"Cristine Laforest nouvelle de directrice g\u00e9n\u00e9rale de Fromagerie Bel Canada"},"content":{"rendered":"<p><img loading=\"lazy\" class=\" wp-image-76382 aligncenter\" src=\"https:\/\/isarta.com\/infos\/wp-content\/uploads\/2020\/06\/Laforest-Bell-Canada-300x200.jpeg\" alt=\"\" width=\"479\" height=\"319\" srcset=\"https:\/\/isarta.com\/infos\/wp-content\/uploads\/2020\/06\/Laforest-Bell-Canada-300x200.jpeg 300w, https:\/\/isarta.com\/infos\/wp-content\/uploads\/2020\/06\/Laforest-Bell-Canada-768x512.jpeg 768w, https:\/\/isarta.com\/infos\/wp-content\/uploads\/2020\/06\/Laforest-Bell-Canada-1024x682.jpeg 1024w, https:\/\/isarta.com\/infos\/wp-content\/uploads\/2020\/06\/Laforest-Bell-Canada-272x182.jpeg 272w, https:\/\/isarta.com\/infos\/wp-content\/uploads\/2020\/06\/Laforest-Bell-Canada.jpeg 2000w\" sizes=\"(max-width: 479px) 100vw, 479px\" \/><\/p>\n<p><span style=\"font-size: 10px;\">9 juin 2020<\/span><\/p>\n<p><span style=\"font-size: 20px;\"><strong>Le Groupe Bel vient d\u2019annoncer la nomination de Cristine Laforest \u00e0 titre de directrice g\u00e9n\u00e9rale de Bel Canada. Cette derni\u00e8re est entr\u00e9e en fonction le 1<sup>er<\/sup> f\u00e9vrier dernier.<\/strong><\/span><\/p>\n<p>Forte de ses 20 ann\u00e9es d\u2019exp\u00e9rience en agroalimentaire, Cristine Laforest, qui fait maintenant partie du Groupe Bel depuis pr\u00e8s de 12 ans, a d\u00e9velopp\u00e9 une expertise commerciale et marketing dans le secteur des biens de consommation, notamment chez Procter &amp; Gamble, et plus particuli\u00e8rement des produits laitiers chez Yoplait et Saputo.<\/p>\n<p>S\u2019\u00e9tant jointe au d\u00e9partement marketing du Groupe Bel en 2008, elle a \u00e9t\u00e9 promue au poste de vice-pr\u00e9sidente marketing et ventes de Bel Canada en 2013. Tout au long de son cheminement dans l\u2019entreprise, elle a, gr\u00e2ce \u00e0 sa vision audacieuse, largement contribu\u00e9 \u00e0 l\u2019exceptionnelle croissance de la filiale canadienne en d\u00e9veloppant, notamment, les marques c\u0153ur telles que La Vache qui rit\u00ae, Mini Babybel\u00ae et Boursin\u00ae.<\/p>\n<p>Elle a \u00e9t\u00e9 un acteur cl\u00e9 dans le projet de transformation de l\u2019entreprise et accompagne depuis 2017 sa r\u00e9organisation et son changement de mod\u00e8le d\u2019affaires, avec la mise en place d\u2019une structure de vente et de partenariat avec des courtiers et distributeurs reconnus sur l\u2019ensemble du territoire.<\/p>\n<blockquote><p><span style=\"font-size: 16px;\">Je suis extr\u00eamement enthousiaste face \u00e0 ce nouveau d\u00e9fi et on ne peut plus heureuse de diriger la filiale canadienne d\u2019une entreprise internationale, et ce, \u00e0 un moment crucial de son expansion. Nous amor\u00e7ons une \u00e9tape importante avec l\u2019ouverture, cette ann\u00e9e, de notre premi\u00e8re usine au Canada \u00e0 Sorel-Tracy. Nous sommes fiers de nous implanter dans une communaut\u00e9 qui fait partie d\u2019un \u00e9cosyst\u00e8me important de notre industrie\u2009\u00bb, souligne Cristine Laforest, directrice g\u00e9n\u00e9rale de Bel Canada.<\/span><\/p><\/blockquote>\n<p>En tant que directrice g\u00e9n\u00e9rale chez Bel Canada, Cristine Laforest dirige le d\u00e9veloppement des activit\u00e9s de la filiale qui comptera bient\u00f4t 200 employ\u00e9s \u00e0 travers le pays.<\/p>\n<p>Elle s\u2019appuie sur l\u2019expertise des membres de son comit\u00e9 de direction, mis en place \u00e0 la suite de sa nomination, et entend continuer \u00e0 faire grandir ses \u00e9quipes dans un contexte de croissance et de d\u00e9fis majeurs pour le secteur alimentaire. Elle succ\u00e8de \u00e0 Catherine Thomas que le Groupe Bel remercie pour son travail pendant plus de 10 ans \u00e0 la t\u00eate de la filiale canadienne.<\/p>\n<div class=\"likebtn_container\" style=\"clear:both;text-align:center;\"><!-- LikeBtn.com BEGIN --><span class=\"likebtn-wrapper\"  data-identifier=\"post_76381\"  data-site_id=\"5cc1ecd16fd08b776710d1e9\"  data-theme=\"drop\"  data-btn_size=\"100\"  data-icon_l=\"false\"  data-icon_d=\"false\"  data-icon_l_url=\"https:\/\/isarta.com\/infos\/wp-content\/uploads\/2019\/04\/happy.png#64794\"  data-icon_d_url=\"https:\/\/isarta.com\/infos\/wp-content\/uploads\/2019\/04\/sleep.png#64796\"  data-icon_size=\"58\"  data-icon_l_c=\"#771414\"  data-bg_c=\"#ffffff\"  data-bg_c_v=\"#ffffff\"  data-brdr_c=\"#ffffff\"  data-f_size=\"11\"  data-f_family=\"Tahoma\"  data-counter_fs=\"b\"  data-lang=\"fr\"  data-ef_voting=\"wobble\"  data-dislike_enabled=\"false\"  data-counter_type=\"percent\"  data-counter_show=\"false\"  data-tooltip_enabled=\"false\"  data-tooltip_like_show_always=\"true\"  data-white_label=\"true\"  data-i18n_like=\"Aimer \/ Partager\"  data-i18n_dislike=\"Pas aim\u00e9\"  data-style=\"\"  data-unlike_allowed=\"\"  data-show_copyright=\"\"  data-item_url=\"https:\/\/isarta.com\/infos\/cristine-laforest-nouvelle-de-directrice-generale-de-fromagerie-bel-canada\/\"  data-item_title=\"Cristine Laforest nouvelle de directrice g\u00e9n\u00e9rale de Fromagerie Bel Canada\"  data-item_image=\"https:\/\/isarta.com\/infos\/wp-content\/uploads\/2020\/06\/Laforest-Bell-Canada-1024x682.jpeg\"  data-item_date=\"2020-06-11T12:05:08-04:00\"  data-engine=\"WordPress\"  data-plugin_v=\"2.6.54\"  data-prx=\"https:\/\/isarta.com\/infos\/wp-admin\/admin-ajax.php?action=likebtn_prx\"  data-event_handler=\"likebtn_eh\" ><\/span><!-- LikeBtn.com END --><\/p>\n<hr size=\"3\"><\/div>\n","protected":false},"excerpt":{"rendered":"<p>Le Groupe Bel vient d\u2019annoncer la nomination de Cristine Laforest \u00e0 titre de directrice g\u00e9n\u00e9rale de Bel Canada. Cette derni\u00e8re est entr\u00e9e en fonction le 1er f\u00e9vrier dernier.<\/p>\n<div class=\"likebtn_container\" style=\"clear:both;text-align:center;\"><!-- LikeBtn.com BEGIN --><span class=\"likebtn-wrapper\"  data-identifier=\"post_76381\"  data-site_id=\"5cc1ecd16fd08b776710d1e9\"  data-theme=\"drop\"  data-btn_size=\"100\"  data-icon_l=\"false\"  data-icon_d=\"false\"  data-icon_l_url=\"https:\/\/isarta.com\/infos\/wp-content\/uploads\/2019\/04\/happy.png#64794\"  data-icon_d_url=\"https:\/\/isarta.com\/infos\/wp-content\/uploads\/2019\/04\/sleep.png#64796\"  data-icon_size=\"58\"  data-icon_l_c=\"#771414\"  data-bg_c=\"#ffffff\"  data-bg_c_v=\"#ffffff\"  data-brdr_c=\"#ffffff\"  data-f_size=\"11\"  data-f_family=\"Tahoma\"  data-counter_fs=\"b\"  data-lang=\"fr\"  data-ef_voting=\"wobble\"  data-dislike_enabled=\"false\"  data-counter_type=\"percent\"  data-counter_show=\"false\"  data-tooltip_enabled=\"false\"  data-tooltip_like_show_always=\"true\"  data-white_label=\"true\"  data-i18n_like=\"Aimer \/ Partager\"  data-i18n_dislike=\"Pas aim\u00e9\"  data-style=\"\"  data-unlike_allowed=\"\"  data-show_copyright=\"\"  data-item_url=\"https:\/\/isarta.com\/infos\/cristine-laforest-nouvelle-de-directrice-generale-de-fromagerie-bel-canada\/\"  data-item_title=\"Cristine Laforest nouvelle de directrice g\u00e9n\u00e9rale de Fromagerie Bel Canada\"  data-item_image=\"https:\/\/isarta.com\/infos\/wp-content\/uploads\/2020\/06\/Laforest-Bell-Canada-1024x682.jpeg\"  data-item_date=\"2020-06-11T12:05:08-04:00\"  data-engine=\"WordPress\"  data-plugin_v=\"2.6.54\"  data-prx=\"https:\/\/isarta.com\/infos\/wp-admin\/admin-ajax.php?action=likebtn_prx\"  data-event_handler=\"likebtn_eh\" ><\/span><!-- LikeBtn.com END --><hr size=\"3\"><\/div>","protected":false},"author":1,"featured_media":76382,"comment_status":"open","ping_status":"open","sticky":false,"template":"","format":"standard","meta":[],"categories":[175,195],"tags":[1081,1176,225],"_links":{"self":[{"href":"https:\/\/isarta.com\/infos\/wp-json\/wp\/v2\/posts\/76381"}],"collection":[{"href":"https:\/\/isarta.com\/infos\/wp-json\/wp\/v2\/posts"}],"about":[{"href":"https:\/\/isarta.com\/infos\/wp-json\/wp\/v2\/types\/post"}],"author":[{"embeddable":true,"href":"https:\/\/isarta.com\/infos\/wp-json\/wp\/v2\/users\/1"}],"replies":[{"embeddable":true,"href":"https:\/\/isarta.com\/infos\/wp-json\/wp\/v2\/comments?post=76381"}],"version-history":[{"count":2,"href":"https:\/\/isarta.com\/infos\/wp-json\/wp\/v2\/posts\/76381\/revisions"}],"predecessor-version":[{"id":76727,"href":"https:\/\/isarta.com\/infos\/wp-json\/wp\/v2\/posts\/76381\/revisions\/76727"}],"wp:featuredmedia":[{"embeddable":true,"href":"https:\/\/isarta.com\/infos\/wp-json\/wp\/v2\/media\/76382"}],"wp:attachment":[{"href":"https:\/\/isarta.com\/infos\/wp-json\/wp\/v2\/media?parent=76381"}],"wp:term":[{"taxonomy":"category","embeddable":true,"href":"https:\/\/isarta.com\/infos\/wp-json\/wp\/v2\/categories?post=76381"},{"taxonomy":"post_tag","embeddable":true,"href":"https:\/\/isarta.com\/infos\/wp-json\/wp\/v2\/tags?post=76381"}],"curies":[{"name":"wp","href":"https:\/\/api.w.org\/{rel}","templated":true}]}}