{"id":78441,"date":"2020-09-21T12:30:16","date_gmt":"2020-09-21T16:30:16","guid":{"rendered":"https:\/\/isarta.com\/infos\/?p=78441"},"modified":"2020-09-21T14:21:45","modified_gmt":"2020-09-21T18:21:45","slug":"les-nouvelles-de-lindustrie-a-savoir-cette-semaine-77","status":"publish","type":"post","link":"https:\/\/isarta.com\/infos\/les-nouvelles-de-lindustrie-a-savoir-cette-semaine-77\/","title":{"rendered":"Les nouvelles de l&rsquo;industrie \u00e0 savoir cette semaine"},"content":{"rendered":"<p><span style=\"font-size: 12px;\">21 septembre 2020<\/span><\/p>\n<h2 class=\"cat_article_title\"><a href=\"https:\/\/isarta.com\/infos\/jane-fonda-et-jameela-jamil-seront-a-c2-en-ligne-montreal-2020\/\" target=\"_blank\" rel=\"noopener\">Jane Fonda et Jameela Jamil seront \u00e0 C2 En ligne \u2013 Montr\u00e9al 2020<\/a><\/h2>\n<p><img loading=\"lazy\" class=\"alignleft size-medium wp-image-78505\" src=\"https:\/\/isarta.com\/infos\/wp-content\/uploads\/2020\/09\/c2-300x161.png\" alt=\"\" width=\"300\" height=\"161\" srcset=\"https:\/\/isarta.com\/infos\/wp-content\/uploads\/2020\/09\/c2-300x161.png 300w, https:\/\/isarta.com\/infos\/wp-content\/uploads\/2020\/09\/c2-768x413.png 768w, https:\/\/isarta.com\/infos\/wp-content\/uploads\/2020\/09\/c2-1024x551.png 1024w, https:\/\/isarta.com\/infos\/wp-content\/uploads\/2020\/09\/c2.png 1158w\" sizes=\"(max-width: 300px) 100vw, 300px\" \/>\u00c0 l\u2019occasion de C2 En ligne \u2013 Montr\u00e9al 2020, qui se tiendra du 19 au 30 octobre prochain, C2 d\u00e9voile aujourd\u2019hui deux nouvelles conf\u00e9renci\u00e8res de premier plan.<\/p>\n<p>Pour lire la suite, <span style=\"color: #3366ff;\"><a style=\"color: #3366ff;\" href=\"https:\/\/isarta.com\/infos\/jane-fonda-et-jameela-jamil-seront-a-c2-en-ligne-montreal-2020\/\" target=\"_blank\" rel=\"noopener\">cliquez ici<\/a>.<\/span><\/p>\n<div class=\"brdr2\"><\/div>\n<h2 class=\"cat_article_title\"><a href=\"https:\/\/isarta.com\/infos\/anne-marie-leclair-associee-chez-lg2-nouvelle-presidente-du-comite-conseil-dindice-f\/\" target=\"_blank\" rel=\"noopener\">Anne-Marie Leclair, associ\u00e9e chez lg2, nouvelle pr\u00e9sidente du comit\u00e9-conseil d\u2019Indice F<\/a><\/h2>\n<div class=\"box_outer\">\n<article class=\"cat_article \">\n<div class=\"cat_article_warap\">\n<div class=\"cat_article_content\">\n<p><img loading=\"lazy\" class=\"alignleft wp-image-78460\" src=\"https:\/\/isarta.com\/infos\/wp-content\/uploads\/2020\/09\/CA-Anne-Marie-Leclair-300x275.jpg\" alt=\"\" width=\"147\" height=\"135\" srcset=\"https:\/\/isarta.com\/infos\/wp-content\/uploads\/2020\/09\/CA-Anne-Marie-Leclair-300x275.jpg 300w, https:\/\/isarta.com\/infos\/wp-content\/uploads\/2020\/09\/CA-Anne-Marie-Leclair.jpg 353w\" sizes=\"(max-width: 147px) 100vw, 147px\" \/>Inno-centre, le plus important acc\u00e9l\u00e9rateur conseil d&rsquo;entreprises innovantes au pays, annonce la nomination d&rsquo;Anne-Marie Leclair \u00e0 titre de pr\u00e9sidente du comit\u00e9-conseil d&rsquo;Indice F.<\/p>\n<\/div>\n<\/div>\n<\/article>\n<\/div>\n<p>Pour lire la suite, <span style=\"color: #3366ff;\"><a style=\"color: #3366ff;\" href=\"https:\/\/isarta.com\/infos\/anne-marie-leclair-associee-chez-lg2-nouvelle-presidente-du-comite-conseil-dindice-f\/\" target=\"_blank\" rel=\"noopener\">cliquez ici<\/a>.<\/span><\/p>\n<div class=\"brdr2\"><\/div>\n<h2 class=\"cat_article_title\"><a href=\"https:\/\/isarta.com\/infos\/syrus-fait-confiance-a-ses-jeunes-talents\/\" target=\"_blank\" rel=\"noopener\">Syrus fait confiance \u00e0 ses jeunes talents<\/a><\/h2>\n<div class=\"box_outer\">\n<article class=\"cat_article \">\n<div class=\"cat_article_warap\">\n<div class=\"cat_article_content\">\n<p><img loading=\"lazy\" class=\"alignleft size-medium wp-image-78514\" src=\"https:\/\/isarta.com\/infos\/wp-content\/uploads\/2020\/09\/syrus-300x130.png\" alt=\"\" width=\"300\" height=\"130\" srcset=\"https:\/\/isarta.com\/infos\/wp-content\/uploads\/2020\/09\/syrus-300x130.png 300w, https:\/\/isarta.com\/infos\/wp-content\/uploads\/2020\/09\/syrus-768x332.png 768w, https:\/\/isarta.com\/infos\/wp-content\/uploads\/2020\/09\/syrus-1024x443.png 1024w, https:\/\/isarta.com\/infos\/wp-content\/uploads\/2020\/09\/syrus.png 1537w\" sizes=\"(max-width: 300px) 100vw, 300px\" \/>Chez SYRUS, la relance et la croissance du cabinet passent notamment par le de\u0301veloppement de ses talents. &#8230;<\/p>\n<\/div>\n<\/div>\n<\/article>\n<\/div>\n<div class=\"box_outer\">\n<p>Pour lire la suite, <span style=\"color: #3366ff;\"><a style=\"color: #3366ff;\" href=\"https:\/\/isarta.com\/infos\/syrus-fait-confiance-a-ses-jeunes-talents\/\" target=\"_blank\" rel=\"noopener\">cliquez ici<\/a>.<\/span><\/p>\n<div class=\"brdr2\"><\/div>\n<\/div>\n<h2 class=\"cat_article_title\"><a href=\"https:\/\/isarta.com\/infos\/hula-hoop-accompagne-st-remy\/\" target=\"_blank\" rel=\"noopener\">Hula Hoop accompagne St-Remy<\/a><\/h2>\n<p><img loading=\"lazy\" class=\"size-medium wp-image-78502 alignleft\" src=\"https:\/\/isarta.com\/infos\/wp-content\/uploads\/2020\/09\/Hula-Hoop-300x119.png\" alt=\"\" width=\"300\" height=\"119\" srcset=\"https:\/\/isarta.com\/infos\/wp-content\/uploads\/2020\/09\/Hula-Hoop-300x119.png 300w, https:\/\/isarta.com\/infos\/wp-content\/uploads\/2020\/09\/Hula-Hoop-768x305.png 768w, https:\/\/isarta.com\/infos\/wp-content\/uploads\/2020\/09\/Hula-Hoop-1024x407.png 1024w, https:\/\/isarta.com\/infos\/wp-content\/uploads\/2020\/09\/Hula-Hoop.png 1074w\" sizes=\"(max-width: 300px) 100vw, 300px\" \/>Hula Hoop a remporte\u0301 l\u2019hiver dernier le compte de St-Remy, la plus grande marque de brandy du monde. Hula Hoop Montre\u0301al accompagnera le bureau chef notamment sur les campagnes internationales pre\u0301sente\u0301es sur les me\u0301dias sociaux de la marque.<\/p>\n<p>Pour lire la suite, <span style=\"color: #3366ff;\"><a style=\"color: #3366ff;\" href=\"https:\/\/isarta.com\/infos\/hula-hoop-accompagne-st-remy\/\" target=\"_blank\" rel=\"noopener\">cliquez ici<\/a>.<\/span><\/p>\n<div class=\"brdr2\"><\/div>\n<h2 class=\"cat_article_title\"><a href=\"https:\/\/isarta.com\/infos\/lagence-minimal-signe-une-campagne-illustree-pour-les-15-ans-du-college-des-administrateurs-des-societes\/\" target=\"_blank\" rel=\"noopener\">L\u2019agence Minimal signe une campagne illustr\u00e9e pour les 15 ans du Coll\u00e8ge des administrateurs des soci\u00e9t\u00e9s<\/a><\/h2>\n<p><img loading=\"lazy\" class=\"alignleft size-medium wp-image-78465\" src=\"https:\/\/isarta.com\/infos\/wp-content\/uploads\/2020\/09\/minimal-3-300x169.jpeg\" alt=\"\" width=\"300\" height=\"169\" srcset=\"https:\/\/isarta.com\/infos\/wp-content\/uploads\/2020\/09\/minimal-3-300x169.jpeg 300w, https:\/\/isarta.com\/infos\/wp-content\/uploads\/2020\/09\/minimal-3-768x432.jpeg 768w, https:\/\/isarta.com\/infos\/wp-content\/uploads\/2020\/09\/minimal-3-1024x576.jpeg 1024w, https:\/\/isarta.com\/infos\/wp-content\/uploads\/2020\/09\/minimal-3.jpeg 1920w\" sizes=\"(max-width: 300px) 100vw, 300px\" \/>L\u2019agence Minimal signe la nouvelle campagne publicitaire toute en illustrations du Coll\u00e8ge des administrateurs de soci\u00e9t\u00e9s (CAS) cr\u00e9\u00e9e \u00e0 l\u2019occasion des 15 ans de cette institution reconnue dans tous les milieux d\u2019affaires qu\u00e9b\u00e9cois.<\/p>\n<p>Pour lire la suite, <span style=\"color: #3366ff;\"><a style=\"color: #3366ff;\" href=\"https:\/\/isarta.com\/infos\/lagence-minimal-signe-une-campagne-illustree-pour-les-15-ans-du-college-des-administrateurs-des-societes\/\" target=\"_blank\" rel=\"noopener\">cliquez ici<\/a>.<\/span><\/p>\n<div class=\"brdr2\"><\/div>\n<h2 class=\"cat_article_title\"><a href=\"https:\/\/isarta.com\/infos\/anne-marie-leclair-associee-chez-lg2-nouvelle-presidente-du-comite-conseil-dindice-f\/\" target=\"_blank\" rel=\"noopener\">Anne-Marie Leclair, associ\u00e9e chez lg2, nouvelle pr\u00e9sidente du comit\u00e9-conseil d\u2019Indice F<\/a><\/h2>\n<p><img loading=\"lazy\" class=\"alignleft wp-image-78460\" src=\"https:\/\/isarta.com\/infos\/wp-content\/uploads\/2020\/09\/CA-Anne-Marie-Leclair-300x275.jpg\" alt=\"\" width=\"175\" height=\"160\" srcset=\"https:\/\/isarta.com\/infos\/wp-content\/uploads\/2020\/09\/CA-Anne-Marie-Leclair-300x275.jpg 300w, https:\/\/isarta.com\/infos\/wp-content\/uploads\/2020\/09\/CA-Anne-Marie-Leclair.jpg 353w\" sizes=\"(max-width: 175px) 100vw, 175px\" \/>Inno-centre, le plus important acc\u00e9l\u00e9rateur conseil d&rsquo;entreprises innovantes au pays, annonce la nomination d&rsquo;Anne-Marie Leclair \u00e0 titre de pr\u00e9sidente du comit\u00e9-conseil d&rsquo;Indice F, une initiative visant \u00e0 offrir des services-conseil sur mesure adapt\u00e9s aux femmes entrepreneures.<\/p>\n<p>Pour lire la suite, <span style=\"color: #3366ff;\"><a style=\"color: #3366ff;\" href=\"https:\/\/isarta.com\/infos\/anne-marie-leclair-associee-chez-lg2-nouvelle-presidente-du-comite-conseil-dindice-f\/\" target=\"_blank\" rel=\"noopener\">cliquez ici<\/a>.<\/span><\/p>\n<div class=\"brdr2\"><\/div>\n<h2 class=\"cat_article_title\"><a href=\"https:\/\/isarta.com\/infos\/nicolas-ouellet-a-lanimation-du-concours-idea\/\" target=\"_blank\" rel=\"noopener\">Nicolas Ouellet \u00e0 l\u2019animation du Concours Id\u00e9a<\/a><\/h2>\n<p><img loading=\"lazy\" class=\"alignleft size-medium wp-image-78457\" src=\"https:\/\/isarta.com\/infos\/wp-content\/uploads\/2020\/09\/idea-300x158.jpg\" alt=\"\" width=\"300\" height=\"158\" srcset=\"https:\/\/isarta.com\/infos\/wp-content\/uploads\/2020\/09\/idea-300x158.jpg 300w, https:\/\/isarta.com\/infos\/wp-content\/uploads\/2020\/09\/idea-768x403.jpg 768w, https:\/\/isarta.com\/infos\/wp-content\/uploads\/2020\/09\/idea-1024x538.jpg 1024w, https:\/\/isarta.com\/infos\/wp-content\/uploads\/2020\/09\/idea.jpg 1200w\" sizes=\"(max-width: 300px) 100vw, 300px\" \/>Le gala virtuel de la 1re e\u0301dition du concours Ide\u0301a approche a\u0300 grands pas et c\u2019est Nicolas Ouellet qui en assurera l\u2019animation cette anne\u0301e.<\/p>\n<p>Pour lire la suite, <span style=\"color: #3366ff;\"><a style=\"color: #3366ff;\" href=\"https:\/\/isarta.com\/infos\/pilote-groupe-conseil-lance-son-nouveau-service-tolerance-zero-face-a-la-desinformation\/\" target=\"_blank\" rel=\"noopener\">cliquez ici<\/a>.<\/span><\/p>\n<div class=\"brdr2\"><\/div>\n<h2 class=\"cat_article_title\"><a href=\"https:\/\/isarta.com\/infos\/braque-devoile-de-nouveaux-clients\/\" target=\"_blank\" rel=\"noopener\">Braque d\u00e9voile de nouveaux clients<\/a><\/h2>\n<p><img loading=\"lazy\" class=\"size-medium wp-image-57929 alignleft\" src=\"https:\/\/isarta.com\/infos\/wp-content\/uploads\/2018\/08\/Agence-Braque-300x161.png\" alt=\"\" width=\"300\" height=\"161\" srcset=\"https:\/\/isarta.com\/infos\/wp-content\/uploads\/2018\/08\/Agence-Braque-300x161.png 300w, https:\/\/isarta.com\/infos\/wp-content\/uploads\/2018\/08\/Agence-Braque-768x411.png 768w, https:\/\/isarta.com\/infos\/wp-content\/uploads\/2018\/08\/Agence-Braque-1024x548.png 1024w, https:\/\/isarta.com\/infos\/wp-content\/uploads\/2018\/08\/Agence-Braque.png 1773w\" sizes=\"(max-width: 300px) 100vw, 300px\" \/>L\u2019Agence Braque, experte en marketing alimentaire, vient tout juste de cueillir deux nouveaux clients de l\u2019industrie alimentaire, soit Appalaches Nature et Alternative Aliment-Terre.<\/p>\n<p>Pour lire la suite, <span style=\"color: #3366ff;\"><a style=\"color: #3366ff;\" href=\"https:\/\/isarta.com\/infos\/braque-devoile-de-nouveaux-clients\/\" target=\"_blank\" rel=\"noopener\">cliquez ici<\/a>.<\/span><\/p>\n<div class=\"brdr2\"><\/div>\n<h2 class=\"cat_article_title\"><a href=\"https:\/\/isarta.com\/infos\/johannie-michaud-nouvelle-gestionnaire-de-compte-dannexe\/\" target=\"_blank\" rel=\"noopener\">Johannie Michaud, nouvelle gestionnaire de compte d\u2019annexe<\/a><\/h2>\n<p><img loading=\"lazy\" class=\"alignleft wp-image-78437\" src=\"https:\/\/isarta.com\/infos\/wp-content\/uploads\/2020\/09\/Johannie-Michaud-par-Bertrand-Exertier2-200x300.jpg\" alt=\"\" width=\"94\" height=\"141\" srcset=\"https:\/\/isarta.com\/infos\/wp-content\/uploads\/2020\/09\/Johannie-Michaud-par-Bertrand-Exertier2-200x300.jpg 200w, https:\/\/isarta.com\/infos\/wp-content\/uploads\/2020\/09\/Johannie-Michaud-par-Bertrand-Exertier2.jpg 427w\" sizes=\"(max-width: 94px) 100vw, 94px\" \/>annexe,\u00a0l\u2019agence de communications montr\u00e9alaise reconnue au sein du milieu corporatif, de la culture et du divertissement depuis plus de 25 ans, annonce l\u2019arriv\u00e9e de\u00a0Johannie Michaud\u00a0\u00e0 titre de\u00a0gestionnaire de compte, d\u00e9veloppement des affaires. Dans son nouveau r\u00f4le,\u00a0Johannie\u00a0se rapportera \u00e0\u00a0Philip Vanden Brande, vice-pr\u00e9sident et associ\u00e9\u00a0de l\u2019agence.<\/p>\n<p>Pour lire la suite, <span style=\"color: #3366ff;\"><a style=\"color: #3366ff;\" href=\"https:\/\/isarta.com\/infos\/johannie-michaud-nouvelle-gestionnaire-de-compte-dannexe\/\" target=\"_blank\" rel=\"noopener\">cliquez ici<\/a>.<\/span><\/p>\n<div class=\"brdr2\"><\/div>\n<h2 class=\"cat_article_title\"><a href=\"https:\/\/isarta.com\/infos\/habiller-la-nouvelle-campagne-daubainerie-signee-imago\/\" target=\"_blank\" rel=\"noopener\">Habiller, la nouvelle campagne d\u2019Aubainerie sign\u00e9e Imago<\/a><\/h2>\n<p><img loading=\"lazy\" class=\"alignleft wp-image-78426\" src=\"https:\/\/isarta.com\/infos\/wp-content\/uploads\/2020\/09\/aubainerie-3-300x275.jpeg\" alt=\"\" width=\"154\" height=\"141\" srcset=\"https:\/\/isarta.com\/infos\/wp-content\/uploads\/2020\/09\/aubainerie-3-300x275.jpeg 300w, https:\/\/isarta.com\/infos\/wp-content\/uploads\/2020\/09\/aubainerie-3-768x705.jpeg 768w, https:\/\/isarta.com\/infos\/wp-content\/uploads\/2020\/09\/aubainerie-3-1024x939.jpeg 1024w\" sizes=\"(max-width: 154px) 100vw, 154px\" \/>Aubainerie, une marque qu\u00e9b\u00e9coise bien d\u2019ici, vient de pr\u00e9senter sa nouvelle campagne: Habiller la vie, qui met en lumi\u00e8re des moments joyeux et marquants du quotidien.<\/p>\n<p>Pour lire la suite, <span style=\"color: #3366ff;\"><a style=\"color: #3366ff;\" href=\"https:\/\/isarta.com\/infos\/habiller-la-nouvelle-campagne-daubainerie-signee-imago\/\" target=\"_blank\" rel=\"noopener\">cliquez ici<\/a>.<\/span><\/p>\n<div class=\"brdr2\"><\/div>\n<h2 class=\"cat_article_title\"><a href=\"https:\/\/isarta.com\/infos\/havas-montreal-realise-la-nouvelle-identite-visuelle-de-protegez-vous\/\" target=\"_blank\" rel=\"noopener\">Havas Montr\u00e9al r\u00e9alise la nouvelle identit\u00e9 visuelle de Prot\u00e9gez-Vous<\/a><\/h2>\n<p><img loading=\"lazy\" class=\"alignleft size-medium wp-image-78421\" src=\"https:\/\/isarta.com\/infos\/wp-content\/uploads\/2020\/09\/protegez-vous-300x110.png\" alt=\"\" width=\"300\" height=\"110\" srcset=\"https:\/\/isarta.com\/infos\/wp-content\/uploads\/2020\/09\/protegez-vous-300x110.png 300w, https:\/\/isarta.com\/infos\/wp-content\/uploads\/2020\/09\/protegez-vous-768x281.png 768w, https:\/\/isarta.com\/infos\/wp-content\/uploads\/2020\/09\/protegez-vous-1024x374.png 1024w, https:\/\/isarta.com\/infos\/wp-content\/uploads\/2020\/09\/protegez-vous.png 1310w\" sizes=\"(max-width: 300px) 100vw, 300px\" \/>Prot\u00e9gez-Vous d\u00e9voile aujourd\u2019hui sa nouvelle identit\u00e9 visuelle.\u00a0La nouvelle signature de marque, \u00ab Le pouvoir de mieux choisir \u00bb, r\u00e9sume en quelques mots la grande valeur de Prot\u00e9gez-Vous dans un monde o\u00f9 la d\u00e9sinformation et les fausses nouvelles sont monnaie courante.<\/p>\n<p>Pour lire la suite, <span style=\"color: #3366ff;\"><a style=\"color: #3366ff;\" href=\"https:\/\/isarta.com\/infos\/havas-montreal-realise-la-nouvelle-identite-visuelle-de-protegez-vous\/\" target=\"_blank\" rel=\"noopener\">cliquez ici<\/a>.<\/span><\/p>\n<div class=\"brdr2\"><\/div>\n<div class=\"likebtn_container\" style=\"clear:both;text-align:center;\"><!-- LikeBtn.com BEGIN --><span class=\"likebtn-wrapper\"  data-identifier=\"post_78441\"  data-site_id=\"5cc1ecd16fd08b776710d1e9\"  data-theme=\"drop\"  data-btn_size=\"100\"  data-icon_l=\"false\"  data-icon_d=\"false\"  data-icon_l_url=\"https:\/\/isarta.com\/infos\/wp-content\/uploads\/2019\/04\/happy.png#64794\"  data-icon_d_url=\"https:\/\/isarta.com\/infos\/wp-content\/uploads\/2019\/04\/sleep.png#64796\"  data-icon_size=\"58\"  data-icon_l_c=\"#771414\"  data-bg_c=\"#ffffff\"  data-bg_c_v=\"#ffffff\"  data-brdr_c=\"#ffffff\"  data-f_size=\"11\"  data-f_family=\"Tahoma\"  data-counter_fs=\"b\"  data-lang=\"fr\"  data-ef_voting=\"wobble\"  data-dislike_enabled=\"false\"  data-counter_type=\"percent\"  data-counter_show=\"false\"  data-tooltip_enabled=\"false\"  data-tooltip_like_show_always=\"true\"  data-white_label=\"true\"  data-i18n_like=\"Aimer \/ Partager\"  data-i18n_dislike=\"Pas aim\u00e9\"  data-style=\"\"  data-unlike_allowed=\"\"  data-show_copyright=\"\"  data-item_url=\"https:\/\/isarta.com\/infos\/les-nouvelles-de-lindustrie-a-savoir-cette-semaine-77\/\"  data-item_title=\"Les nouvelles de l&#039;industrie \u00e0 savoir cette semaine\"  data-item_image=\"https:\/\/isarta.com\/infos\/wp-content\/uploads\/2020\/09\/c2-1024x551.png\"  data-item_date=\"2020-09-21T12:30:16-04:00\"  data-engine=\"WordPress\"  data-plugin_v=\"2.6.54\"  data-prx=\"https:\/\/isarta.com\/infos\/wp-admin\/admin-ajax.php?action=likebtn_prx\"  data-event_handler=\"likebtn_eh\" ><\/span><!-- LikeBtn.com END --><\/p>\n<hr size=\"3\"><\/div>\n","protected":false},"excerpt":{"rendered":"<p>Que s&rsquo;est-il pass\u00e9 dans l&rsquo;industrie des communications et du marketing au Qu\u00e9bec ces derniers jours ? Nominations, campagnes, r\u00e9compenses, nouveaux mandats&#8230; On vous fait la synth\u00e8se ici.<\/p>\n<div class=\"likebtn_container\" style=\"clear:both;text-align:center;\"><!-- LikeBtn.com BEGIN --><span class=\"likebtn-wrapper\"  data-identifier=\"post_78441\"  data-site_id=\"5cc1ecd16fd08b776710d1e9\"  data-theme=\"drop\"  data-btn_size=\"100\"  data-icon_l=\"false\"  data-icon_d=\"false\"  data-icon_l_url=\"https:\/\/isarta.com\/infos\/wp-content\/uploads\/2019\/04\/happy.png#64794\"  data-icon_d_url=\"https:\/\/isarta.com\/infos\/wp-content\/uploads\/2019\/04\/sleep.png#64796\"  data-icon_size=\"58\"  data-icon_l_c=\"#771414\"  data-bg_c=\"#ffffff\"  data-bg_c_v=\"#ffffff\"  data-brdr_c=\"#ffffff\"  data-f_size=\"11\"  data-f_family=\"Tahoma\"  data-counter_fs=\"b\"  data-lang=\"fr\"  data-ef_voting=\"wobble\"  data-dislike_enabled=\"false\"  data-counter_type=\"percent\"  data-counter_show=\"false\"  data-tooltip_enabled=\"false\"  data-tooltip_like_show_always=\"true\"  data-white_label=\"true\"  data-i18n_like=\"Aimer \/ Partager\"  data-i18n_dislike=\"Pas aim\u00e9\"  data-style=\"\"  data-unlike_allowed=\"\"  data-show_copyright=\"\"  data-item_url=\"https:\/\/isarta.com\/infos\/les-nouvelles-de-lindustrie-a-savoir-cette-semaine-77\/\"  data-item_title=\"Les nouvelles de l&#039;industrie \u00e0 savoir cette semaine\"  data-item_image=\"https:\/\/isarta.com\/infos\/wp-content\/uploads\/2020\/09\/c2-1024x551.png\"  data-item_date=\"2020-09-21T12:30:16-04:00\"  data-engine=\"WordPress\"  data-plugin_v=\"2.6.54\"  data-prx=\"https:\/\/isarta.com\/infos\/wp-admin\/admin-ajax.php?action=likebtn_prx\"  data-event_handler=\"likebtn_eh\" ><\/span><!-- LikeBtn.com END --><hr size=\"3\"><\/div>","protected":false},"author":1,"featured_media":78505,"comment_status":"open","ping_status":"open","sticky":false,"template":"","format":"standard","meta":[],"categories":[175,117],"tags":[1176,818],"_links":{"self":[{"href":"https:\/\/isarta.com\/infos\/wp-json\/wp\/v2\/posts\/78441"}],"collection":[{"href":"https:\/\/isarta.com\/infos\/wp-json\/wp\/v2\/posts"}],"about":[{"href":"https:\/\/isarta.com\/infos\/wp-json\/wp\/v2\/types\/post"}],"author":[{"embeddable":true,"href":"https:\/\/isarta.com\/infos\/wp-json\/wp\/v2\/users\/1"}],"replies":[{"embeddable":true,"href":"https:\/\/isarta.com\/infos\/wp-json\/wp\/v2\/comments?post=78441"}],"version-history":[{"count":5,"href":"https:\/\/isarta.com\/infos\/wp-json\/wp\/v2\/posts\/78441\/revisions"}],"predecessor-version":[{"id":78604,"href":"https:\/\/isarta.com\/infos\/wp-json\/wp\/v2\/posts\/78441\/revisions\/78604"}],"wp:featuredmedia":[{"embeddable":true,"href":"https:\/\/isarta.com\/infos\/wp-json\/wp\/v2\/media\/78505"}],"wp:attachment":[{"href":"https:\/\/isarta.com\/infos\/wp-json\/wp\/v2\/media?parent=78441"}],"wp:term":[{"taxonomy":"category","embeddable":true,"href":"https:\/\/isarta.com\/infos\/wp-json\/wp\/v2\/categories?post=78441"},{"taxonomy":"post_tag","embeddable":true,"href":"https:\/\/isarta.com\/infos\/wp-json\/wp\/v2\/tags?post=78441"}],"curies":[{"name":"wp","href":"https:\/\/api.w.org\/{rel}","templated":true}]}}