{"id":85981,"date":"2021-06-22T10:12:50","date_gmt":"2021-06-22T14:12:50","guid":{"rendered":"https:\/\/isarta.com\/infos\/?p=85981"},"modified":"2021-06-22T10:12:53","modified_gmt":"2021-06-22T14:12:53","slug":"les-bourses-lemaire-propulsent-les-ambitions-de-six-entrepreneurs-quebecois","status":"publish","type":"post","link":"https:\/\/isarta.com\/infos\/les-bourses-lemaire-propulsent-les-ambitions-de-six-entrepreneurs-quebecois\/","title":{"rendered":"Les Bourses Lemaire propulsent les ambitions de six entrepreneurs qu\u00e9b\u00e9cois"},"content":{"rendered":"<figure class=\"wp-block-image size-large\"><img loading=\"lazy\" width=\"1024\" height=\"579\" src=\"https:\/\/isarta.com\/infos\/wp-content\/uploads\/2021\/04\/bourse-lemaire-1024x579.png\" alt=\"\" class=\"wp-image-83568\" srcset=\"https:\/\/isarta.com\/infos\/wp-content\/uploads\/2021\/04\/bourse-lemaire-1024x579.png 1024w, https:\/\/isarta.com\/infos\/wp-content\/uploads\/2021\/04\/bourse-lemaire-300x170.png 300w, https:\/\/isarta.com\/infos\/wp-content\/uploads\/2021\/04\/bourse-lemaire-768x434.png 768w, https:\/\/isarta.com\/infos\/wp-content\/uploads\/2021\/04\/bourse-lemaire.png 1060w\" sizes=\"(max-width: 1024px) 100vw, 1024px\" \/><\/figure>\n<p>22 juin 2021<\/p>\n<p><strong><a href=\"https:\/\/fondationfamillelemaire.com\/fr\/\">La Fondation de la famille Lemaire<\/a> est heureuse d\u2019annoncer le nom des six r\u00e9cipiendaires des toutes premi\u00e8res Bourses Lemaire, un programme de bourses d\u2019\u00e9tudes visant \u00e0 appuyer les entrepreneurs et entrepreneuses qui souhaitent mieux s\u2019outiller pour faire face aux d\u00e9fis et aux ambitions de leurs entreprises. Au total, c\u2019est 135 000 $ qui sera remis sous forme de cinq bourses d\u2019\u00e9tudes et d\u2019une bourse coup de c\u0153ur pour permettre \u00e0 ces hommes et femmes d\u2019affaires qu\u00e9b\u00e9cois de concilier leurs projets acad\u00e9mique et entrepreneurial en vue de d\u00e9velopper leur potentiel et de propulser ainsi leurs entreprises vers de nouveaux sommets.<\/strong><\/p>\n<p><strong>Des histoires d\u2019entrepreneuriats inspirantes<\/strong><br \/>Le comit\u00e9 de bourses de la Fondation de la famille Lemaire a re\u00e7u plus d\u2019une centaine de candidatures qu\u2019il s\u2019est affair\u00e9 \u00e0 analyser en vue de remettre cinq bourses pour des parcours coll\u00e9gial et universitaire ainsi qu\u2019une bourse pour un projet coup de c\u0153ur. Les crit\u00e8res de s\u00e9lection portaient notamment sur la pertinence du projet d\u2019\u00e9tudes pour le d\u00e9veloppement de l\u2019entreprise, la qualit\u00e9 du dossier de candidature et la motivation du candidat, de m\u00eame que l\u2019impact social.<\/p>\n<blockquote class=\"wp-block-quote\">\n<p>Le Qu\u00e9bec regorge d\u2019entrepreneurs passionn\u00e9s et ambitieux. Avec les Bourses Lemaire, la Fondation veut outiller ces dirigeants et dirigeantes d\u2019entreprises et leur donner l\u2019\u00e9lan dont ils etelles ont besoin pour amener leurs projets d\u2019affaires \u00e0 un niveau sup\u00e9rieur, particuli\u00e8rement au lendemain de la p\u00e9riode difficile que nous avons travers\u00e9e. Nous sommes fiers de faire partie de ces belles histoires et d\u2019\u00e9crire avec eux un tout nouveau chapitre sous le signe de la prosp\u00e9rit\u00e9 pour l\u2019\u00e9conomie du Qu\u00e9bec. \u00bb -Alain Lemaire, cofondateur et pr\u00e9sident ex\u00e9cutif du conseil d&rsquo;administration, Fondation de la famille Lemaire<\/p>\n<\/blockquote>\n<blockquote class=\"wp-block-quote\">\n<p>La Fondation est ravie de la r\u00e9ponse des entrepreneurs qu\u00e9b\u00e9cois \u00e0 l\u2019\u00e9gard des Bourses  Lemaire. Le choix s\u2019est av\u00e9r\u00e9 difficile, car nous avons re\u00e7u un grand nombre de projets fort inspirants. Les candidats retenus se d\u00e9marquaient particuli\u00e8rement par leur innovation et leur forte volont\u00e9 d\u2019apporter du changement dans la soci\u00e9t\u00e9. Merci \u00e0 tous les candidats et f\u00e9licitations aux r\u00e9cipiendaires ! \u00bb &#8211; Patricia Lemaire, directrice g\u00e9n\u00e9rale, Fondation de la famille Lemaire<\/p>\n<\/blockquote>\n<p><strong>Six entrepreneurs ambitieux pr\u00eats \u00e0 d\u00e9velopper leurs potentiels<\/strong><\/p>\n<p><strong>Bourses de 25 000 $ <\/strong><\/p>\n<div class=\"wp-block-image\">\n<figure class=\"alignleft size-large\"><img loading=\"lazy\" width=\"175\" height=\"176\" src=\"https:\/\/isarta.com\/infos\/wp-content\/uploads\/2021\/06\/1.jpg\" alt=\"\" class=\"wp-image-85982\" srcset=\"https:\/\/isarta.com\/infos\/wp-content\/uploads\/2021\/06\/1.jpg 175w, https:\/\/isarta.com\/infos\/wp-content\/uploads\/2021\/06\/1-150x150.jpg 150w, https:\/\/isarta.com\/infos\/wp-content\/uploads\/2021\/06\/1-144x144.jpg 144w\" sizes=\"(max-width: 175px) 100vw, 175px\" \/><\/figure>\n<\/div>\n<p><strong>F\u00e9lix Lapointe, cofondateur et directeur administratif de Ferreol<\/strong><br \/>Son entreprise d\u00e9veloppe une technologie de fibre de lin qui permettra de r\u00e9duire l\u2019empreinte \u00e9cologique des skis alpins en substituant la majorit\u00e9 des fibres synth\u00e9tiques utilis\u00e9es. Avec les connaissances qu\u2019il poss\u00e8de dans les diff\u00e9rentes sph\u00e8res de l\u2019entrepreneuriat, F\u00e9lix s\u2019occupe de la gestion de Ferreol ainsi que l\u2019image de marque et du marketing. Le jeune entrepreneur de Qu\u00e9bec poursuit son MBA en gestion des entreprises \u00e0 l\u2019Universit\u00e9 Laval, ce qui lui permettra de solidifier ses comp\u00e9tences d\u2019affaires afin de bien g\u00e9rer l\u2019entreprise dans les ann\u00e9es \u00e0 venir.<\/p>\n<div class=\"wp-block-image\">\n<figure class=\"alignleft size-large\"><img loading=\"lazy\" width=\"181\" height=\"176\" src=\"https:\/\/isarta.com\/infos\/wp-content\/uploads\/2021\/06\/33.jpg\" alt=\"\" class=\"wp-image-85984\"\/><\/figure>\n<\/div>\n<p><strong>Khadija El Bouhali, fondatrice de Cousmos et de La Cheffe<\/strong><br \/>Originaire du Maroc et maintenant Montr\u00e9alaise, Khadija a fond\u00e9 Cousmos pour mettre en valeur son h\u00e9ritage culinaire sous forme de solutions repas sant\u00e9. Avec son projet La Cheffe, qui offre des repas surgel\u00e9s provenant de neuf cultures diff\u00e9rentes, pr\u00e9par\u00e9s en collaboration avec huit femmes d\u2019origines culturelles diverses, l\u2019entrepreneure veut briser les barri\u00e8res entre les diff\u00e9rentes cultures. La bourse Lemaire lui permettra d\u2019obtenir un dipl\u00f4me de deuxi\u00e8me cycle en gestion avec une sp\u00e9cialisation en communication, marketing et marque.<\/p>\n<div class=\"wp-block-image\">\n<figure class=\"alignleft size-large\"><img loading=\"lazy\" width=\"176\" height=\"175\" src=\"https:\/\/isarta.com\/infos\/wp-content\/uploads\/2021\/06\/44.jpg\" alt=\"\" class=\"wp-image-85985\" srcset=\"https:\/\/isarta.com\/infos\/wp-content\/uploads\/2021\/06\/44.jpg 176w, https:\/\/isarta.com\/infos\/wp-content\/uploads\/2021\/06\/44-150x150.jpg 150w, https:\/\/isarta.com\/infos\/wp-content\/uploads\/2021\/06\/44-144x144.jpg 144w\" sizes=\"(max-width: 176px) 100vw, 176px\" \/><\/figure>\n<\/div>\n<p><strong>Jean-Michel Veillette, cofondateur de Lexya<\/strong><br \/>Son entreprise, bas\u00e9e \u00e0 Qu\u00e9bec, est une plateforme qui facilite l&rsquo;achat et la vente de livres scolaires pour les \u00e9tudiants des c\u00e9geps et universit\u00e9s, partout dans la province. La contribution de Jean-Michel dans l\u2019entreprise est ax\u00e9e sur le service client et le marketing. Ainsi, son MBA \u00e0 l\u2019Universit\u00e9 Laval en marketing strat\u00e9gique va lui permettre d\u2019approfondir ses connaissances et comp\u00e9tences \u00e0 ce niveau.<\/p>\n<\/p>\n<div class=\"wp-block-image\">\n<figure class=\"alignleft size-large\"><img loading=\"lazy\" width=\"173\" height=\"176\" src=\"https:\/\/isarta.com\/infos\/wp-content\/uploads\/2021\/06\/66.jpg\" alt=\"\" class=\"wp-image-85986\"\/><\/figure>\n<\/div>\n<p><strong>Jade Doucet Martineau, cofondatrice et directrice g\u00e9n\u00e9rale de Puzzle Medical Devices<\/strong><br \/>Avec sa pompe cardiaque r\u00e9volutionnaire, dont son implantation minimalement invasive<br \/>permettrait de sauver jusqu\u2019\u00e0 250 000 vies par ann\u00e9e, l\u2019entreprise a d\u00e9j\u00e0 r\u00e9ussi \u00e0 faire son chemin jusqu\u2019aux \u00c9tats-Unis en seulement trois ans d\u2019existence. La ma\u00eetrise de Jade \u00e0 l\u2019Universit\u00e9 de Concordia dans le programme d\u2019Entrepreneuriat en Sciences de la Vie permettra \u00e0 Jade d\u2019approfondir ses connaissances et de continuer \u00e0 travailler sur le d\u00e9veloppement de Puzzle Medical Devices.<\/p>\n<div class=\"wp-block-image\">\n<figure class=\"alignleft size-large\"><img loading=\"lazy\" width=\"173\" height=\"175\" src=\"https:\/\/isarta.com\/infos\/wp-content\/uploads\/2021\/06\/22-1.jpg\" alt=\"\" class=\"wp-image-85987\"\/><\/figure>\n<\/div>\n<p><strong>Myriam Tellier, copropri\u00e9taire de Planette<\/strong><br \/>S\u2019inscrivant dans un \u00e9coentrepreneuriat engag\u00e9, l\u2019entreprise propose des produits d\u2019entretien \u00e9cologiques et accompagne les clients dans le changement de leurs habitudes de consommation. Le programme \u00e9lite de l\u2019\u00c9cole d\u2019entrepreneurship de Beauce permettra \u00e0 Myriam d\u2019acqu\u00e9rir de plus amples connaissances et d\u2019\u00e9changer avec d\u2019autres entrepreneurs.<\/p>\n<\/p>\n<p><strong>Bourse coup de c\u0153ur \u2013 10 000 $ <\/strong><\/p>\n<div class=\"wp-block-image\">\n<figure class=\"alignleft size-large is-resized\"><img loading=\"lazy\" src=\"https:\/\/isarta.com\/infos\/wp-content\/uploads\/2021\/06\/55.jpg\" alt=\"\" class=\"wp-image-85988\" width=\"175\" height=\"175\" srcset=\"https:\/\/isarta.com\/infos\/wp-content\/uploads\/2021\/06\/55.jpg 960w, https:\/\/isarta.com\/infos\/wp-content\/uploads\/2021\/06\/55-300x300.jpg 300w, https:\/\/isarta.com\/infos\/wp-content\/uploads\/2021\/06\/55-150x150.jpg 150w, https:\/\/isarta.com\/infos\/wp-content\/uploads\/2021\/06\/55-768x768.jpg 768w, https:\/\/isarta.com\/infos\/wp-content\/uploads\/2021\/06\/55-144x144.jpg 144w\" sizes=\"(max-width: 175px) 100vw, 175px\" \/><\/figure>\n<\/div>\n<p><strong>Val\u00e9rie Larochelle, cofondatrice et pr\u00e9sidente-directrice g\u00e9n\u00e9rale d\u2019Eugeria<\/strong><br \/>Avec la conviction que nous pouvons am\u00e9liorer le quotidien des gens atteints de la maladie d\u2019Alzheimer, l\u2019entreprise offre des solutions simplifiant le parcours des proches de personnes atteintes de la maladie et de troubles cognitifs. Le programme de l\u2019\u00c9cole d\u2019entrepreneurship de Beauce permettra \u00e0 Val\u00e9rie de se d\u00e9velopper comme leader et de se doter des outils pour pousser la vision et la croissance d\u2019Eugeria.<\/p>\n<p>Pour obtenir plus de d\u00e9tails sur les Bourses Lemaire, consultez le <a href=\"https:\/\/fondationfamillelemaire.com\/fr\/\">www.fondationlemaire.com<\/a><\/p>\n<div class=\"likebtn_container\" style=\"clear:both;text-align:center;\"><!-- LikeBtn.com BEGIN --><span class=\"likebtn-wrapper\"  data-identifier=\"post_85981\"  data-site_id=\"5cc1ecd16fd08b776710d1e9\"  data-theme=\"drop\"  data-btn_size=\"100\"  data-icon_l=\"false\"  data-icon_d=\"false\"  data-icon_l_url=\"https:\/\/isarta.com\/infos\/wp-content\/uploads\/2019\/04\/happy.png#64794\"  data-icon_d_url=\"https:\/\/isarta.com\/infos\/wp-content\/uploads\/2019\/04\/sleep.png#64796\"  data-icon_size=\"58\"  data-icon_l_c=\"#771414\"  data-bg_c=\"#ffffff\"  data-bg_c_v=\"#ffffff\"  data-brdr_c=\"#ffffff\"  data-f_size=\"11\"  data-f_family=\"Tahoma\"  data-counter_fs=\"b\"  data-lang=\"fr\"  data-ef_voting=\"wobble\"  data-dislike_enabled=\"false\"  data-counter_type=\"percent\"  data-counter_show=\"false\"  data-tooltip_enabled=\"false\"  data-tooltip_like_show_always=\"true\"  data-white_label=\"true\"  data-i18n_like=\"Aimer \/ Partager\"  data-i18n_dislike=\"Pas aim\u00e9\"  data-style=\"\"  data-unlike_allowed=\"\"  data-show_copyright=\"\"  data-item_url=\"https:\/\/isarta.com\/infos\/les-bourses-lemaire-propulsent-les-ambitions-de-six-entrepreneurs-quebecois\/\"  data-item_title=\"Les Bourses Lemaire propulsent les ambitions de six entrepreneurs qu\u00e9b\u00e9cois\"  data-item_image=\"https:\/\/isarta.com\/infos\/wp-content\/uploads\/2021\/04\/bourse-lemaire-1024x579.png\"  data-item_date=\"2021-06-22T10:12:50-04:00\"  data-engine=\"WordPress\"  data-plugin_v=\"2.6.54\"  data-prx=\"https:\/\/isarta.com\/infos\/wp-admin\/admin-ajax.php?action=likebtn_prx\"  data-event_handler=\"likebtn_eh\" ><\/span><!-- LikeBtn.com END --><\/p>\n<hr size=\"3\"><\/div>\n","protected":false},"excerpt":{"rendered":"<p>La Fondation de la famille Lemaire est heureuse d\u2019annoncer le nom des six r\u00e9cipiendaires des toutes premi\u00e8res Bourses Lemaire, un programme de bourses d\u2019\u00e9tudes visant \u00e0 appuyer les entrepreneurs et entrepreneuses qui souhaitent mieux s\u2019outiller pour faire face aux d\u00e9fis et aux ambitions de leurs entreprises. <\/p>\n<div class=\"likebtn_container\" style=\"clear:both;text-align:center;\"><!-- LikeBtn.com BEGIN --><span class=\"likebtn-wrapper\"  data-identifier=\"post_85981\"  data-site_id=\"5cc1ecd16fd08b776710d1e9\"  data-theme=\"drop\"  data-btn_size=\"100\"  data-icon_l=\"false\"  data-icon_d=\"false\"  data-icon_l_url=\"https:\/\/isarta.com\/infos\/wp-content\/uploads\/2019\/04\/happy.png#64794\"  data-icon_d_url=\"https:\/\/isarta.com\/infos\/wp-content\/uploads\/2019\/04\/sleep.png#64796\"  data-icon_size=\"58\"  data-icon_l_c=\"#771414\"  data-bg_c=\"#ffffff\"  data-bg_c_v=\"#ffffff\"  data-brdr_c=\"#ffffff\"  data-f_size=\"11\"  data-f_family=\"Tahoma\"  data-counter_fs=\"b\"  data-lang=\"fr\"  data-ef_voting=\"wobble\"  data-dislike_enabled=\"false\"  data-counter_type=\"percent\"  data-counter_show=\"false\"  data-tooltip_enabled=\"false\"  data-tooltip_like_show_always=\"true\"  data-white_label=\"true\"  data-i18n_like=\"Aimer \/ Partager\"  data-i18n_dislike=\"Pas aim\u00e9\"  data-style=\"\"  data-unlike_allowed=\"\"  data-show_copyright=\"\"  data-item_url=\"https:\/\/isarta.com\/infos\/les-bourses-lemaire-propulsent-les-ambitions-de-six-entrepreneurs-quebecois\/\"  data-item_title=\"Les Bourses Lemaire propulsent les ambitions de six entrepreneurs qu\u00e9b\u00e9cois\"  data-item_image=\"https:\/\/isarta.com\/infos\/wp-content\/uploads\/2021\/04\/bourse-lemaire-1024x579.png\"  data-item_date=\"2021-06-22T10:12:50-04:00\"  data-engine=\"WordPress\"  data-plugin_v=\"2.6.54\"  data-prx=\"https:\/\/isarta.com\/infos\/wp-admin\/admin-ajax.php?action=likebtn_prx\"  data-event_handler=\"likebtn_eh\" ><\/span><!-- LikeBtn.com END --><hr size=\"3\"><\/div>","protected":false},"author":23,"featured_media":83568,"comment_status":"closed","ping_status":"open","sticky":false,"template":"","format":"standard","meta":[],"categories":[195],"tags":[745,732,1472,1176],"_links":{"self":[{"href":"https:\/\/isarta.com\/infos\/wp-json\/wp\/v2\/posts\/85981"}],"collection":[{"href":"https:\/\/isarta.com\/infos\/wp-json\/wp\/v2\/posts"}],"about":[{"href":"https:\/\/isarta.com\/infos\/wp-json\/wp\/v2\/types\/post"}],"author":[{"embeddable":true,"href":"https:\/\/isarta.com\/infos\/wp-json\/wp\/v2\/users\/23"}],"replies":[{"embeddable":true,"href":"https:\/\/isarta.com\/infos\/wp-json\/wp\/v2\/comments?post=85981"}],"version-history":[{"count":1,"href":"https:\/\/isarta.com\/infos\/wp-json\/wp\/v2\/posts\/85981\/revisions"}],"predecessor-version":[{"id":85989,"href":"https:\/\/isarta.com\/infos\/wp-json\/wp\/v2\/posts\/85981\/revisions\/85989"}],"wp:featuredmedia":[{"embeddable":true,"href":"https:\/\/isarta.com\/infos\/wp-json\/wp\/v2\/media\/83568"}],"wp:attachment":[{"href":"https:\/\/isarta.com\/infos\/wp-json\/wp\/v2\/media?parent=85981"}],"wp:term":[{"taxonomy":"category","embeddable":true,"href":"https:\/\/isarta.com\/infos\/wp-json\/wp\/v2\/categories?post=85981"},{"taxonomy":"post_tag","embeddable":true,"href":"https:\/\/isarta.com\/infos\/wp-json\/wp\/v2\/tags?post=85981"}],"curies":[{"name":"wp","href":"https:\/\/api.w.org\/{rel}","templated":true}]}}