{"id":88922,"date":"2021-12-07T11:15:48","date_gmt":"2021-12-07T16:15:48","guid":{"rendered":"https:\/\/isarta.com\/infos\/?p=88922"},"modified":"2021-12-07T11:15:50","modified_gmt":"2021-12-07T16:15:50","slug":"genevieve-richard-nommee-presidente-dhonneur-du-gala-de-la-releve-en-communication","status":"publish","type":"post","link":"https:\/\/isarta.com\/infos\/genevieve-richard-nommee-presidente-dhonneur-du-gala-de-la-releve-en-communication\/","title":{"rendered":"Genevi\u00e8ve Richard nomm\u00e9e pr\u00e9sidente d&rsquo;honneur du Gala de la rel\u00e8ve en communication"},"content":{"rendered":"<figure class=\"wp-block-image size-large\"><img loading=\"lazy\" width=\"1000\" height=\"771\" src=\"https:\/\/isarta.com\/infos\/wp-content\/uploads\/2021\/12\/unnamed-9.png\" alt=\"\" class=\"wp-image-88923\" srcset=\"https:\/\/isarta.com\/infos\/wp-content\/uploads\/2021\/12\/unnamed-9.png 1000w, https:\/\/isarta.com\/infos\/wp-content\/uploads\/2021\/12\/unnamed-9-300x231.png 300w, https:\/\/isarta.com\/infos\/wp-content\/uploads\/2021\/12\/unnamed-9-768x592.png 768w\" sizes=\"(max-width: 1000px) 100vw, 1000px\" \/><figcaption><em>Sur la photo, de gauche \u00e0 droite: Roxanne L\u00e9tourneau, Genevi\u00e8ve Richard et Eliane Marceau<\/em><\/figcaption><\/figure>\n<p>7 d\u00e9cembre 2021<\/p>\n<p><strong>Les directrices du 26e\u00a0<a rel=\"noreferrer noopener\" href=\"https:\/\/communication.brouillardcomm.com\/T\/OFC4\/L2S\/8702\/B891\/T4NU\/894\/6666\/rUwepo\/1\/623221\/V163wGDl\/I\/893\/BH8ZvB.html?h=olucO-Hp1uLB8NicgW9wslXOkkctnv4DrOM1D8haUBA\" target=\"_blank\">Gala de la rel\u00e8ve en communication<\/a>\u00a0de l&rsquo;Universit\u00e9 Laval,\u00a0Roxanne L\u00e9tourneau\u00a0et\u00a0Eliane Marceau, viennent d\u2019annoncer la nomination de\u00a0Genevi\u00e8ve Richard\u00a0\u00e0 titre de pr\u00e9sidente d\u2019honneur. Gr\u00e2ce \u00e0 son exp\u00e9rience en tant que productrice et chef marketing pour le groupe TVA, Genevi\u00e8ve est un atout majeur \u00e0 la r\u00e9alisation du Gala qui se tiendra cette ann\u00e9e \u00e0 la salle multifonctionnelle de la\u00a0<a rel=\"noreferrer noopener\" href=\"https:\/\/communication.brouillardcomm.com\/T\/OFC4\/L2S\/8702\/B891\/T4NU\/894\/6667\/HciRYM\/1\/623221\/V163wGDl\/I\/893\/BH8ZvB.html?h=MbHEWdR6zPSu34bgVjI819kA1_8nEPXdqsuPKJ-6uZM\" target=\"_blank\">Base Plein Air Sainte-Foy<\/a>.\u00a0<br \/><\/strong><br \/>C\u2019est par sa notori\u00e9t\u00e9, son exp\u00e9rience et son dynamisme que les directrices sont tomb\u00e9es sous le charme de Genevi\u00e8ve. \u00ab E<em>lle nous ressemble vraiment, sa vision du Gala est la m\u00eame que la n\u00f4tre !\u00a0<\/em>\u00bb, mentionne Roxanne L\u00e9tourneau, codirectrice du Gala de la rel\u00e8ve. Accompagn\u00e9e de son \u00e9quipe, Genevi\u00e8ve sera pr\u00e9sente lors de la soir\u00e9e du 8 avril 2022.<\/p>\n<p>Dipl\u00f4m\u00e9e de l\u2019Universit\u00e9 Laval en communication publique, en plus d\u2019\u00eatre d\u00e9tentrice d\u2019une ma\u00eetrise en administration des affaires, Genevi\u00e8ve affiche un cheminement tr\u00e8s impressionnant malgr\u00e9 son jeune \u00e2ge. Celle qui a su mettre ses talents \u00e0 profit au fil des ann\u00e9es a d\u00e9j\u00e0 touch\u00e9 \u00e0 plusieurs sph\u00e8res dans le domaine des communications.<\/p>\n<p>Ayant d\u00e9but\u00e9 en relations de presse au Festival d\u2019\u00e9t\u00e9 de Qu\u00e9bec, elle a par la suite continu\u00e9 de d\u00e9velopper ses comp\u00e9tences \u00e0 titre de conseill\u00e8re en communication \u00e0 la Salle Albert-Rousseau. Genevi\u00e8ve a \u00e9galement occup\u00e9 le r\u00f4le de coordonnatrice marketing du Groupe TVA jusqu\u2019en 2020. Cette femme inspirante a par la suite plong\u00e9 en politique \u00e0 la Colline Parlementaire \u00e0 titre d\u2019attach\u00e9e de presse pour le ministre de l\u2019Environnement, pour finalement revenir en force chez TVA, ayant \u00e9tant nomm\u00e9e Productrice et Chef marketing. <\/p>\n<p>Son parcours aura aussi \u00e9t\u00e9 marqu\u00e9 par son r\u00f4le d\u2019animatrice \u00e0 MAtv et de chroniqueuse \u00e0 T\u00e9l\u00e9-Mag, sans oublier qu\u2019elle a m\u00eame \u00e9t\u00e9 Duchesse pour le Carnaval de Qu\u00e9bec. De nombreuses exp\u00e9riences qui permettent de souligner une carri\u00e8re tr\u00e8s ambitieuse !\u00a0<\/p>\n<p><strong>Un Gala en pr\u00e9sentiel<\/strong><\/p>\n<p>Pour cette 26e pr\u00e9sentation du\u00a0<a rel=\"noreferrer noopener\" href=\"https:\/\/communication.brouillardcomm.com\/T\/OFC4\/L2S\/8702\/B891\/T4NU\/894\/6666\/rUwepo\/2\/623221\/V163wGDl\/I\/893\/BH8ZvB.html?h=lOXSTXaLdRHBPrHg6z3wIwC0RpUFpVk4Kkna0yEPMgE\" target=\"_blank\"><strong>Gala de la rel\u00e8ve en communication<\/strong><\/a>, c\u2019est un \u00e9v\u00e9nement en pr\u00e9sentiel qui est pr\u00e9vu, le choix s\u2019\u00e9tant arr\u00eat\u00e9 sur la distinctive salle multifonctionnelle de la\u00a0<a rel=\"noreferrer noopener\" href=\"https:\/\/communication.brouillardcomm.com\/T\/OFC4\/L2S\/8702\/B891\/T4NU\/894\/6667\/HciRYM\/2\/623221\/V163wGDl\/I\/893\/BH8ZvB.html?h=xHk-nTIy5CXp4kgTvTrkB_awsUgWI01zSFztRXemgtk\" target=\"_blank\">Base Plein Air Sainte-Foy<\/a>. Vitr\u00e9e, lumineuse et munie de chaleureux murs de bois, l\u2019endroit concorde \u00e0 la perfection avec l\u2019image que les directrices ont du Gala cette ann\u00e9e.<\/p>\n<p>L\u2019\u00e9v\u00e9nement du 8 avril 2022 risque d\u2019\u00eatre dans le calendrier de tous les professionnels en communication de la Ville de Qu\u00e9bec et bien entendu, des \u00e9tudiants en communication, tous impatients de se voir possiblement attribuer un stage. C\u2019est de mani\u00e8re grandiose que cette soir\u00e9e permettra de mettre de l\u2019avant le travail acharn\u00e9 des membres du\u00a0<a rel=\"noreferrer noopener\" href=\"https:\/\/communication.brouillardcomm.com\/T\/OFC4\/L2S\/8702\/B891\/T4NU\/894\/6666\/rUwepo\/3\/623221\/V163wGDl\/I\/893\/BH8ZvB.html?h=0BZzWNNx9Zs9_eYBZ6pCwfbtimyTX6CYGDlxnqQO3fI\" target=\"_blank\"><strong>Gala de la rel\u00e8ve<\/strong><\/a>, qui depuis deux ans, sont contraints de livrer un Gala alternatif.\u00a0<\/p>\n<p>Le\u00a0<a rel=\"noreferrer noopener\" href=\"https:\/\/communication.brouillardcomm.com\/T\/OFC4\/L2S\/8702\/B891\/T4NU\/894\/6666\/rUwepo\/4\/623221\/V163wGDl\/I\/893\/BH8ZvB.html?h=_e83s0Y5OjmlcNkcs9cVEMQ6r8Qt7m0XWrzLVnuC5mE\" target=\"_blank\"><strong>Gala de la rel\u00e8ve en communication<\/strong><\/a>\u00a0est un \u00e9v\u00e9nement qui a pour mission de r\u00e9compenser l\u2019excellence et l\u2019implication \u00e9tudiante par la remise de stages en journalisme, en publicit\u00e9, en marketing et en relations publiques. Il est organis\u00e9 par une vingtaine d\u2019\u00e9tudiants en communication publique de l\u2019Universit\u00e9 Laval.<\/p>\n<p>Cette ann\u00e9e plus que jamais, les directrices comptent cr\u00e9er un \u00e9v\u00e9nement d\u2019envergure, et sauront briller sur la sc\u00e8ne m\u00e9diatique gr\u00e2ce \u00e0 leur audace.\u00a0<a rel=\"noreferrer noopener\" href=\"https:\/\/communication.brouillardcomm.com\/T\/OFC4\/L2S\/8702\/B891\/T4NU\/894\/6659\/zJY33V\/1\/623221\/V163wGDl\/I\/893\/BH8ZvB.html?h=z9utCEOFDOCpaf0cT1ZQ8x759M1DVo1GYHfGbM6vLgU\" target=\"_blank\">BROUILLARD<\/a>\u00a0est fier d\u2019accompagner le\u00a0<a rel=\"noreferrer noopener\" href=\"https:\/\/communication.brouillardcomm.com\/T\/OFC4\/L2S\/8702\/B891\/T4NU\/894\/6666\/rUwepo\/5\/623221\/V163wGDl\/I\/893\/BH8ZvB.html?h=fUrBM6zRALtNo3i4zvmS2PrQokWnoyWZv9ekIKOFO6w\" target=\"_blank\"><strong>Gala de la rel\u00e8ve<\/strong><\/a>, pour une dixi\u00e8me ann\u00e9e cons\u00e9cutive, dans la r\u00e9alisation de cet \u00e9v\u00e9nement qui aura lieu le vendredi 8 avril 2022.\u00a0<\/p>\n<div class=\"likebtn_container\" style=\"clear:both;text-align:center;\"><!-- LikeBtn.com BEGIN --><span class=\"likebtn-wrapper\"  data-identifier=\"post_88922\"  data-site_id=\"5cc1ecd16fd08b776710d1e9\"  data-theme=\"drop\"  data-btn_size=\"100\"  data-icon_l=\"false\"  data-icon_d=\"false\"  data-icon_l_url=\"https:\/\/isarta.com\/infos\/wp-content\/uploads\/2019\/04\/happy.png#64794\"  data-icon_d_url=\"https:\/\/isarta.com\/infos\/wp-content\/uploads\/2019\/04\/sleep.png#64796\"  data-icon_size=\"58\"  data-icon_l_c=\"#771414\"  data-bg_c=\"#ffffff\"  data-bg_c_v=\"#ffffff\"  data-brdr_c=\"#ffffff\"  data-f_size=\"11\"  data-f_family=\"Tahoma\"  data-counter_fs=\"b\"  data-lang=\"fr\"  data-ef_voting=\"wobble\"  data-dislike_enabled=\"false\"  data-counter_type=\"percent\"  data-counter_show=\"false\"  data-tooltip_enabled=\"false\"  data-tooltip_like_show_always=\"true\"  data-white_label=\"true\"  data-i18n_like=\"Aimer \/ Partager\"  data-i18n_dislike=\"Pas aim\u00e9\"  data-style=\"\"  data-unlike_allowed=\"\"  data-show_copyright=\"\"  data-item_url=\"https:\/\/isarta.com\/infos\/genevieve-richard-nommee-presidente-dhonneur-du-gala-de-la-releve-en-communication\/\"  data-item_title=\"Genevi\u00e8ve Richard nomm\u00e9e pr\u00e9sidente d&#039;honneur du Gala de la rel\u00e8ve en communication\"  data-item_image=\"https:\/\/isarta.com\/infos\/wp-content\/uploads\/2021\/12\/unnamed-9.png\"  data-item_date=\"2021-12-07T11:15:48-05:00\"  data-engine=\"WordPress\"  data-plugin_v=\"2.6.54\"  data-prx=\"https:\/\/isarta.com\/infos\/wp-admin\/admin-ajax.php?action=likebtn_prx\"  data-event_handler=\"likebtn_eh\" ><\/span><!-- LikeBtn.com END --><\/p>\n<hr size=\"3\"><\/div>\n","protected":false},"excerpt":{"rendered":"<p>Les directrices du 26e Gala de la rel\u00e8ve en communication de l&rsquo;Universit\u00e9 Laval, Roxanne L\u00e9tourneau et Eliane Marceau, viennent d\u2019annoncer la nomination de Genevi\u00e8ve Richard \u00e0 titre de pr\u00e9sidente d\u2019honneur. Gr\u00e2ce \u00e0 son exp\u00e9rience en tant que productrice et chef marketing pour le groupe TVA, Genevi\u00e8ve est un atout majeur \u00e0 la r\u00e9alisation du Gala qui se tiendra cette ann\u00e9e \u00e0 la salle multifonctionnelle de la Base Plein Air Sainte-Foy. <\/p>\n<div class=\"likebtn_container\" style=\"clear:both;text-align:center;\"><!-- LikeBtn.com BEGIN --><span class=\"likebtn-wrapper\"  data-identifier=\"post_88922\"  data-site_id=\"5cc1ecd16fd08b776710d1e9\"  data-theme=\"drop\"  data-btn_size=\"100\"  data-icon_l=\"false\"  data-icon_d=\"false\"  data-icon_l_url=\"https:\/\/isarta.com\/infos\/wp-content\/uploads\/2019\/04\/happy.png#64794\"  data-icon_d_url=\"https:\/\/isarta.com\/infos\/wp-content\/uploads\/2019\/04\/sleep.png#64796\"  data-icon_size=\"58\"  data-icon_l_c=\"#771414\"  data-bg_c=\"#ffffff\"  data-bg_c_v=\"#ffffff\"  data-brdr_c=\"#ffffff\"  data-f_size=\"11\"  data-f_family=\"Tahoma\"  data-counter_fs=\"b\"  data-lang=\"fr\"  data-ef_voting=\"wobble\"  data-dislike_enabled=\"false\"  data-counter_type=\"percent\"  data-counter_show=\"false\"  data-tooltip_enabled=\"false\"  data-tooltip_like_show_always=\"true\"  data-white_label=\"true\"  data-i18n_like=\"Aimer \/ Partager\"  data-i18n_dislike=\"Pas aim\u00e9\"  data-style=\"\"  data-unlike_allowed=\"\"  data-show_copyright=\"\"  data-item_url=\"https:\/\/isarta.com\/infos\/genevieve-richard-nommee-presidente-dhonneur-du-gala-de-la-releve-en-communication\/\"  data-item_title=\"Genevi\u00e8ve Richard nomm\u00e9e pr\u00e9sidente d&#039;honneur du Gala de la rel\u00e8ve en communication\"  data-item_image=\"https:\/\/isarta.com\/infos\/wp-content\/uploads\/2021\/12\/unnamed-9.png\"  data-item_date=\"2021-12-07T11:15:48-05:00\"  data-engine=\"WordPress\"  data-plugin_v=\"2.6.54\"  data-prx=\"https:\/\/isarta.com\/infos\/wp-admin\/admin-ajax.php?action=likebtn_prx\"  data-event_handler=\"likebtn_eh\" ><\/span><!-- LikeBtn.com END --><hr size=\"3\"><\/div>","protected":false},"author":1,"featured_media":88923,"comment_status":"closed","ping_status":"open","sticky":false,"template":"","format":"standard","meta":[],"categories":[195],"tags":[314,1472,1176,225],"_links":{"self":[{"href":"https:\/\/isarta.com\/infos\/wp-json\/wp\/v2\/posts\/88922"}],"collection":[{"href":"https:\/\/isarta.com\/infos\/wp-json\/wp\/v2\/posts"}],"about":[{"href":"https:\/\/isarta.com\/infos\/wp-json\/wp\/v2\/types\/post"}],"author":[{"embeddable":true,"href":"https:\/\/isarta.com\/infos\/wp-json\/wp\/v2\/users\/1"}],"replies":[{"embeddable":true,"href":"https:\/\/isarta.com\/infos\/wp-json\/wp\/v2\/comments?post=88922"}],"version-history":[{"count":1,"href":"https:\/\/isarta.com\/infos\/wp-json\/wp\/v2\/posts\/88922\/revisions"}],"predecessor-version":[{"id":88924,"href":"https:\/\/isarta.com\/infos\/wp-json\/wp\/v2\/posts\/88922\/revisions\/88924"}],"wp:featuredmedia":[{"embeddable":true,"href":"https:\/\/isarta.com\/infos\/wp-json\/wp\/v2\/media\/88923"}],"wp:attachment":[{"href":"https:\/\/isarta.com\/infos\/wp-json\/wp\/v2\/media?parent=88922"}],"wp:term":[{"taxonomy":"category","embeddable":true,"href":"https:\/\/isarta.com\/infos\/wp-json\/wp\/v2\/categories?post=88922"},{"taxonomy":"post_tag","embeddable":true,"href":"https:\/\/isarta.com\/infos\/wp-json\/wp\/v2\/tags?post=88922"}],"curies":[{"name":"wp","href":"https:\/\/api.w.org\/{rel}","templated":true}]}}