{"id":90098,"date":"2022-04-13T07:10:00","date_gmt":"2022-04-13T11:10:00","guid":{"rendered":"https:\/\/isarta.com\/infos\/?p=90098"},"modified":"2022-04-13T15:25:21","modified_gmt":"2022-04-13T19:25:21","slug":"avantages-sociaux-protexio-apporte-plus-de-flexibilite-dans-la-vie-des-pme","status":"publish","type":"post","link":"https:\/\/isarta.com\/infos\/avantages-sociaux-protexio-apporte-plus-de-flexibilite-dans-la-vie-des-pme\/","title":{"rendered":"Avantages sociaux : Protexio apporte plus de flexibilit\u00e9 dans la vie des PME"},"content":{"rendered":"<div class=\"wp-block-image\">\n<figure class=\"aligncenter size-large\"><img loading=\"lazy\" width=\"800\" height=\"800\" src=\"https:\/\/isarta.com\/infos\/wp-content\/uploads\/2022\/03\/1581207719149.jpg\" alt=\"\" class=\"wp-image-90107\" srcset=\"https:\/\/isarta.com\/infos\/wp-content\/uploads\/2022\/03\/1581207719149.jpg 800w, https:\/\/isarta.com\/infos\/wp-content\/uploads\/2022\/03\/1581207719149-300x300.jpg 300w, https:\/\/isarta.com\/infos\/wp-content\/uploads\/2022\/03\/1581207719149-150x150.jpg 150w, https:\/\/isarta.com\/infos\/wp-content\/uploads\/2022\/03\/1581207719149-768x768.jpg 768w, https:\/\/isarta.com\/infos\/wp-content\/uploads\/2022\/03\/1581207719149-144x144.jpg 144w\" sizes=\"(max-width: 800px) 100vw, 800px\" \/><figcaption>Patrick Blanchette, fondateur de Protexio<\/figcaption><\/figure>\n<\/div>\n<p>12 avril 2022<\/p>\n<p class=\"has-medium-font-size\"><strong>Au-del\u00e0 de l\u2019enveloppe d\u00e9di\u00e9e \u00e0 l\u2019assurance collective, les entreprises sont de plus en plus imaginatives et g\u00e9n\u00e9reuses pour offrir des \u00ab\u00a0avantages sociaux\u00a0\u00bb attractifs, refl\u00e9tant leurs valeurs ou leur culture d\u2019entreprise. Il y a 3 ans, l\u2019actuaire Patrick Blanchette a lanc\u00e9 une application visant \u00e0 simplifier la mise en place d&rsquo;un tel programme \u00e0 g\u00e9om\u00e9trie variable. Son nom\u00a0: Protexio. Il s\u2019agit d\u2019une application mobile permettant de traiter des demandes des r\u00e9clamations \u00e0 l\u2019int\u00e9rieur d\u2019une fen\u00eatre de 24 heures.<\/strong><\/p>\n<p>En entrevue, Patrick Blanchette nous raconte comment lui est venue l\u2019id\u00e9e, \u00e0 la suite d&rsquo;une conversation avec un client.<\/p>\n<blockquote class=\"wp-block-quote\">\n<p>En 2015, j\u2019ai lanc\u00e9 mon propre cabinet en assurances collectives. C\u2019est l\u00e0 que j\u2019ai commenc\u00e9 \u00e0 rencontrer de plus petites entreprises&#8230; Quand tu as 15, 20 employ\u00e9s, tu n\u2019as pas beaucoup d\u2019options. \u00c7a prend du volume, pour avoir des modules et des choix d&rsquo;assurances. Un de mes clients m\u2019a dit : ce serait tellement plus simple de laisser les employ\u00e9s choisir les avantages sociaux qui leur plaisent et de les rembourser par la suite. C\u2019est ce que j\u2019ai d\u00e9cid\u00e9 de cr\u00e9er. \u00bb<\/p>\n<\/blockquote>\n<p>Le fondateur de Protexio a lanc\u00e9 l&rsquo;application en janvier 2018 avec quelques clients \u00abvolontaires\u00bb. Le principe est simple&nbsp;: l\u2019entreprise d\u00e9termine un budget d\u2019avantages sociaux par employ\u00e9 et s\u00e9lectionne les cat\u00e9gories pour lesquels elle veut permettre les remboursements. L\u2019employ\u00e9, lui, installe l\u2019application sur son t\u00e9l\u00e9phone et prend sa facture en photo pour faire une r\u00e9clamation. <\/p>\n<figure class=\"wp-block-image size-large\"><img loading=\"lazy\" width=\"789\" height=\"539\" src=\"https:\/\/isarta.com\/infos\/wp-content\/uploads\/2022\/03\/Screen-Shot-2022-03-13-at-4.43.30-PM.png\" alt=\"\" class=\"wp-image-90105\" srcset=\"https:\/\/isarta.com\/infos\/wp-content\/uploads\/2022\/03\/Screen-Shot-2022-03-13-at-4.43.30-PM.png 789w, https:\/\/isarta.com\/infos\/wp-content\/uploads\/2022\/03\/Screen-Shot-2022-03-13-at-4.43.30-PM-300x205.png 300w, https:\/\/isarta.com\/infos\/wp-content\/uploads\/2022\/03\/Screen-Shot-2022-03-13-at-4.43.30-PM-768x525.png 768w\" sizes=\"(max-width: 789px) 100vw, 789px\" \/><\/figure>\n<p>Patrick Blanchette explique:<\/p>\n<blockquote class=\"wp-block-quote\">\n<p>Quand nous rencontrons des entreprises qui ont d\u00e9j\u00e0 de l\u2019assurance collective en place, nous analysons les produits. Nous gardons l\u2019assurance vie, invalidit\u00e9 et m\u00e9dicament, puis nous retirons ce qui n\u2019est pas vraiment de l\u2019assurance \u2013 par exemple&nbsp;: le chiro, les massages, le dentiste, l&rsquo;optom\u00e9triste. \u00c7a lib\u00e8re un budget pour notre solution \u2013 donc, nous entrons dans une entreprise \u00e0 co\u00fbt neutre.&nbsp;\u00bb<\/p>\n<\/blockquote>\n<p>L\u2019application peut \u00e9galement \u00eatre utilis\u00e9e par les PME n\u2019offrant aucune assurance collective \u2013 ce qui, selon une <a rel=\"noreferrer noopener\" href=\"https:\/\/portail-assurance.ca\/article\/80-des-entreprises-quebecoises-de-50-employes-et-moins-nont-pas-dassurance-collective\/\" data-type=\"URL\" data-id=\"https:\/\/portail-assurance.ca\/article\/80-des-entreprises-quebecoises-de-50-employes-et-moins-nont-pas-dassurance-collective\/\" target=\"_blank\">\u00e9tude publi\u00e9e en 2017 par LIMRA<\/a>, repr\u00e9senterait 80% des PME qu\u00e9b\u00e9coises de 50 employ\u00e9s et moins, rappelle Patrick Blanchette. Trois ans apr\u00e8s son lancement, Protexio dessert une centaine d\u2019entreprises et vise atteindre les 300 clients d\u2019ici l\u00e0 fin de l\u2019ann\u00e9e 2022.<\/p>\n<p><strong>Levier de r\u00e9tention<\/strong><\/p>\n<blockquote class=\"wp-block-quote\">\n<p>Les employeurs veulent faire valoir leur culture \u00e0 travers les avantages sociaux, explique Jimmy Houle, responsable du d\u00e9veloppement des affaites de Protexio. Certains veulent encourager l\u2019exercice physique, d\u2019autres la culture, etc.&nbsp;Et donc, un employeur qui utilise notre solution est en mesure de choisir les cat\u00e9gories de remboursement qui refl\u00e8tent ses valeurs et sa culture d\u2019entreprise. \u00bb<\/p>\n<\/blockquote>\n<p>De plus, Jimmy Houle constate que certains clients utilisent la plateforme comme outil de r\u00e9tention ou de recrutement, en bonifiant le budget discr\u00e9tionnaire des avantages sociaux en fonction des ann\u00e9es d\u2019anciennet\u00e9 dans l\u2019entreprise ou en allouant un bonus lorsqu&rsquo;une nouvelle embauche par r\u00e9f\u00e9rence franchit le cap des six mois dans une entreprise.<\/p>\n<div class=\"wp-block-image\">\n<figure class=\"aligncenter size-large\"><img loading=\"lazy\" width=\"800\" height=\"800\" src=\"https:\/\/isarta.com\/infos\/wp-content\/uploads\/2022\/03\/1618961549790.jpg\" alt=\"\" class=\"wp-image-90102\" srcset=\"https:\/\/isarta.com\/infos\/wp-content\/uploads\/2022\/03\/1618961549790.jpg 800w, https:\/\/isarta.com\/infos\/wp-content\/uploads\/2022\/03\/1618961549790-300x300.jpg 300w, https:\/\/isarta.com\/infos\/wp-content\/uploads\/2022\/03\/1618961549790-150x150.jpg 150w, https:\/\/isarta.com\/infos\/wp-content\/uploads\/2022\/03\/1618961549790-768x768.jpg 768w, https:\/\/isarta.com\/infos\/wp-content\/uploads\/2022\/03\/1618961549790-144x144.jpg 144w\" sizes=\"(max-width: 800px) 100vw, 800px\" \/><figcaption>Jimmy Houle, responsable du d\u00e9veloppement des affaires de Protexio<\/figcaption><\/figure>\n<\/div>\n<p>De mani\u00e8re g\u00e9n\u00e9rale, l\u2019application est con\u00e7ue pour offrir une grande souplesse dans la composition globale des avantages sociaux offerts aux employ\u00e9s. Dans une m\u00eame cat\u00e9gorie, l\u2019employ\u00e9 peut choisir lui-m\u00eame ses fournisseurs. Ensuite, le budget allou\u00e9 peut \u00eatre compl\u00e9ment\u00e9 par un programme d\u2019assurance collective minimale.<\/p>\n<blockquote class=\"wp-block-quote\">\n<p>La main-d\u2019\u0153uvre est aujourd\u2019hui compos\u00e9e de plusieurs g\u00e9n\u00e9rations, note Patrick Blanchette. Les mill\u00e9niaux c\u00f4toient les baby-boomers. C\u2019est difficile de satisfaire des employ\u00e9s qui ont des besoins et des visions diff\u00e9rentes.&nbsp;\u00bb<\/p>\n<\/blockquote>\n<p>L&rsquo;entrepreneur actuaire donne l\u2019exemple d\u2019une entreprise d\u2019environ 200 employ\u00e9s pour laquelle Protexio a int\u00e9gr\u00e9 \u00e0 sa solution un r\u00e9gime d\u2019assurance collective \u00ab&nbsp;hybride&nbsp;\u00bb, o\u00f9 les employ\u00e9s ont le choix entre un r\u00e9gime d\u2019assurance collective complet ou un r\u00e9gime d\u2019assurance minimale incluant l&rsquo;assurance vie, d&rsquo;invalidit\u00e9 et m\u00e9dicament, avec 2000 $ de budget discr\u00e9tionnaire dans Protexio.<\/p>\n<blockquote class=\"wp-block-quote\">\n<p>L&#8217;employeur peut ainsi donner la latitude aux employ\u00e9s de faire leur propre choix, fait-il valoir. Celui-ci vient atteindre un taux de satisfaction de 100% par rapport \u00e0 ses avantages sociaux.&nbsp;\u00bb<\/p>\n<\/blockquote>\n<hr class=\"wp-block-separator\"\/>\n<p><strong>D\u00e9couvrez nos formations<\/strong> :<\/p>\n<div class=\" content_cards_card content_cards_domain_formations-isarta-com\">\n<div class=\"content_cards_image\">\n            <a class=\"content_cards_image_link\" href=\"https:\/\/formations.isarta.com\/cours\/culture-dentreprise-vision-mission-et-valeurs\/47\" target=\"_blank\"><img src=\"https:\/\/formations.isarta.com\/images\/entete.jpg\" alt=\"Formations en RH \/ Marque employeur - En ligne, Qu\u00e9bec, Montr\u00e9al | Isarta\"><\/a>\n\t\t<\/div>\n<div class=\"content_cards_title\">\n\t\t<a class=\"content_cards_title_link\" href=\"https:\/\/formations.isarta.com\/cours\/culture-dentreprise-vision-mission-et-valeurs\/47\" target=\"_blank\">Formations en RH \/ Marque employeur &#8211; En ligne, Qu\u00e9bec, Montr\u00e9al | Isarta<\/a>\n\t<\/div>\n<div class=\"content_cards_description\">\n\t\t<a class=\"content_cards_description_link\" href=\"https:\/\/formations.isarta.com\/cours\/culture-dentreprise-vision-mission-et-valeurs\/47\" target=\"_blank\"><\/p>\n<p>Formations en marketing, communication, num\u00e9rique, digital, r\u00e9seaux sociaux. Classes virtuelles (webinaires interactifs \u00e0 distance), en salle ou en entreprise. Montr\u00e9al et partout au Qu\u00e9bec.<\/p>\n<p>\t\t<\/a>\n\t<\/div>\n<\/div>\n<div class=\" content_cards_card content_cards_domain_formations-isarta-com\">\n<div class=\"content_cards_image\">\n            <a class=\"content_cards_image_link\" href=\"https:\/\/formations.isarta.com\/cours\/fideliser-vos-employes\/40\" target=\"_blank\"><img src=\"https:\/\/formations.isarta.com\/images\/entete.jpg\" alt=\"Formations en RH \/ Marque employeur - En ligne, Qu\u00e9bec, Montr\u00e9al | Isarta\"><\/a>\n\t\t<\/div>\n<div class=\"content_cards_title\">\n\t\t<a class=\"content_cards_title_link\" href=\"https:\/\/formations.isarta.com\/cours\/fideliser-vos-employes\/40\" target=\"_blank\">Formations en RH \/ Marque employeur &#8211; En ligne, Qu\u00e9bec, Montr\u00e9al | Isarta<\/a>\n\t<\/div>\n<div class=\"content_cards_description\">\n\t\t<a class=\"content_cards_description_link\" href=\"https:\/\/formations.isarta.com\/cours\/fideliser-vos-employes\/40\" target=\"_blank\"><\/p>\n<p>Formations en marketing, communication, num\u00e9rique, digital, r\u00e9seaux sociaux. Classes virtuelles (webinaires interactifs \u00e0 distance), en salle ou en entreprise. Montr\u00e9al et partout au Qu\u00e9bec.<\/p>\n<p>\t\t<\/a>\n\t<\/div>\n<\/div>\n<div class=\"likebtn_container\" style=\"clear:both;text-align:center;\"><!-- LikeBtn.com BEGIN --><span class=\"likebtn-wrapper\"  data-identifier=\"post_90098\"  data-site_id=\"5cc1ecd16fd08b776710d1e9\"  data-theme=\"drop\"  data-btn_size=\"100\"  data-icon_l=\"false\"  data-icon_d=\"false\"  data-icon_l_url=\"https:\/\/isarta.com\/infos\/wp-content\/uploads\/2019\/04\/happy.png#64794\"  data-icon_d_url=\"https:\/\/isarta.com\/infos\/wp-content\/uploads\/2019\/04\/sleep.png#64796\"  data-icon_size=\"58\"  data-icon_l_c=\"#771414\"  data-bg_c=\"#ffffff\"  data-bg_c_v=\"#ffffff\"  data-brdr_c=\"#ffffff\"  data-f_size=\"11\"  data-f_family=\"Tahoma\"  data-counter_fs=\"b\"  data-lang=\"fr\"  data-ef_voting=\"wobble\"  data-dislike_enabled=\"false\"  data-counter_type=\"percent\"  data-counter_show=\"false\"  data-tooltip_enabled=\"false\"  data-tooltip_like_show_always=\"true\"  data-white_label=\"true\"  data-i18n_like=\"Aimer \/ Partager\"  data-i18n_dislike=\"Pas aim\u00e9\"  data-style=\"\"  data-unlike_allowed=\"\"  data-show_copyright=\"\"  data-item_url=\"https:\/\/isarta.com\/infos\/avantages-sociaux-protexio-apporte-plus-de-flexibilite-dans-la-vie-des-pme\/\"  data-item_title=\"Avantages sociaux : Protexio apporte plus de flexibilit\u00e9 dans la vie des PME\"  data-item_image=\"https:\/\/isarta.com\/infos\/wp-content\/uploads\/2022\/03\/1581207719149.jpg\"  data-item_date=\"2022-04-13T07:10:00-04:00\"  data-engine=\"WordPress\"  data-plugin_v=\"2.6.54\"  data-prx=\"https:\/\/isarta.com\/infos\/wp-admin\/admin-ajax.php?action=likebtn_prx\"  data-event_handler=\"likebtn_eh\" ><\/span><!-- LikeBtn.com END --><\/p>\n<hr size=\"3\"><\/div>\n","protected":false},"excerpt":{"rendered":"<p> Il y a 3 ans, l\u2019actuaire Patrick Blanchette a lanc\u00e9 une application visant \u00e0 simplifier la mise en place d&rsquo;avantages sociaux \u00e0 g\u00e9om\u00e9trie variable. Son nom : Protexio. <\/p>\n<div class=\"likebtn_container\" style=\"clear:both;text-align:center;\"><!-- LikeBtn.com BEGIN --><span class=\"likebtn-wrapper\"  data-identifier=\"post_90098\"  data-site_id=\"5cc1ecd16fd08b776710d1e9\"  data-theme=\"drop\"  data-btn_size=\"100\"  data-icon_l=\"false\"  data-icon_d=\"false\"  data-icon_l_url=\"https:\/\/isarta.com\/infos\/wp-content\/uploads\/2019\/04\/happy.png#64794\"  data-icon_d_url=\"https:\/\/isarta.com\/infos\/wp-content\/uploads\/2019\/04\/sleep.png#64796\"  data-icon_size=\"58\"  data-icon_l_c=\"#771414\"  data-bg_c=\"#ffffff\"  data-bg_c_v=\"#ffffff\"  data-brdr_c=\"#ffffff\"  data-f_size=\"11\"  data-f_family=\"Tahoma\"  data-counter_fs=\"b\"  data-lang=\"fr\"  data-ef_voting=\"wobble\"  data-dislike_enabled=\"false\"  data-counter_type=\"percent\"  data-counter_show=\"false\"  data-tooltip_enabled=\"false\"  data-tooltip_like_show_always=\"true\"  data-white_label=\"true\"  data-i18n_like=\"Aimer \/ Partager\"  data-i18n_dislike=\"Pas aim\u00e9\"  data-style=\"\"  data-unlike_allowed=\"\"  data-show_copyright=\"\"  data-item_url=\"https:\/\/isarta.com\/infos\/avantages-sociaux-protexio-apporte-plus-de-flexibilite-dans-la-vie-des-pme\/\"  data-item_title=\"Avantages sociaux : Protexio apporte plus de flexibilit\u00e9 dans la vie des PME\"  data-item_image=\"https:\/\/isarta.com\/infos\/wp-content\/uploads\/2022\/03\/1581207719149.jpg\"  data-item_date=\"2022-04-13T07:10:00-04:00\"  data-engine=\"WordPress\"  data-plugin_v=\"2.6.54\"  data-prx=\"https:\/\/isarta.com\/infos\/wp-admin\/admin-ajax.php?action=likebtn_prx\"  data-event_handler=\"likebtn_eh\" ><\/span><!-- LikeBtn.com END --><hr size=\"3\"><\/div>","protected":false},"author":64,"featured_media":90107,"comment_status":"closed","ping_status":"open","sticky":false,"template":"","format":"standard","meta":[],"categories":[175,137,159],"tags":[1487,224,304],"_links":{"self":[{"href":"https:\/\/isarta.com\/infos\/wp-json\/wp\/v2\/posts\/90098"}],"collection":[{"href":"https:\/\/isarta.com\/infos\/wp-json\/wp\/v2\/posts"}],"about":[{"href":"https:\/\/isarta.com\/infos\/wp-json\/wp\/v2\/types\/post"}],"author":[{"embeddable":true,"href":"https:\/\/isarta.com\/infos\/wp-json\/wp\/v2\/users\/64"}],"replies":[{"embeddable":true,"href":"https:\/\/isarta.com\/infos\/wp-json\/wp\/v2\/comments?post=90098"}],"version-history":[{"count":15,"href":"https:\/\/isarta.com\/infos\/wp-json\/wp\/v2\/posts\/90098\/revisions"}],"predecessor-version":[{"id":93224,"href":"https:\/\/isarta.com\/infos\/wp-json\/wp\/v2\/posts\/90098\/revisions\/93224"}],"wp:featuredmedia":[{"embeddable":true,"href":"https:\/\/isarta.com\/infos\/wp-json\/wp\/v2\/media\/90107"}],"wp:attachment":[{"href":"https:\/\/isarta.com\/infos\/wp-json\/wp\/v2\/media?parent=90098"}],"wp:term":[{"taxonomy":"category","embeddable":true,"href":"https:\/\/isarta.com\/infos\/wp-json\/wp\/v2\/categories?post=90098"},{"taxonomy":"post_tag","embeddable":true,"href":"https:\/\/isarta.com\/infos\/wp-json\/wp\/v2\/tags?post=90098"}],"curies":[{"name":"wp","href":"https:\/\/api.w.org\/{rel}","templated":true}]}}