{"id":96487,"date":"2022-11-02T17:32:14","date_gmt":"2022-11-02T21:32:14","guid":{"rendered":"https:\/\/isarta.com\/infos\/?p=96487"},"modified":"2022-11-02T17:33:53","modified_gmt":"2022-11-02T21:33:53","slug":"les-laureats-2022-du-temple-de-la-renommee-devoiles","status":"publish","type":"post","link":"https:\/\/isarta.com\/infos\/les-laureats-2022-du-temple-de-la-renommee-devoiles\/","title":{"rendered":"Les laur\u00e9ats 2022 du Temple de la renomm\u00e9e d\u00e9voil\u00e9s"},"content":{"rendered":"<figure class=\"wp-block-image size-large\"><img loading=\"lazy\" width=\"1024\" height=\"538\" src=\"https:\/\/isarta.com\/infos\/wp-content\/uploads\/2022\/11\/Temple-1200x630-1-1024x538.jpg\" alt=\"\" class=\"wp-image-96488\" srcset=\"https:\/\/isarta.com\/infos\/wp-content\/uploads\/2022\/11\/Temple-1200x630-1-1024x538.jpg 1024w, https:\/\/isarta.com\/infos\/wp-content\/uploads\/2022\/11\/Temple-1200x630-1-300x158.jpg 300w, https:\/\/isarta.com\/infos\/wp-content\/uploads\/2022\/11\/Temple-1200x630-1-768x403.jpg 768w, https:\/\/isarta.com\/infos\/wp-content\/uploads\/2022\/11\/Temple-1200x630-1.jpg 1200w\" sizes=\"(max-width: 1024px) 100vw, 1024px\" \/><\/figure>\n<p>2 novembre 2022<\/p>\n<p><strong>L&rsquo;Association des agences de communication cr\u00e9ative (A2C) vient d\u2019annoncer l\u2019intronisation de Jacques Duval (profil B\u00e2tisseur), Roger Gari\u00e9py (profil Phare) et Me Robert B. Legault (profil Alli\u00e9) \u00e0 son <a href=\"https:\/\/a2c.quebec\/decouvrir-a2c\/temple-de-la-renommee\" target=\"_blank\" rel=\"noreferrer noopener\">Temple de la renomm\u00e9e<\/a>.<\/strong><\/p>\n<p>Cette initiative annuelle vise \u00e0 souligner les carri\u00e8res de grand.es visionnaires ayant contribu\u00e9 de fa\u00e7on exceptionnelle \u00e0 l\u2019excellence et \u00e0 la vitalit\u00e9 de l\u2019industrie de la communication marketing au Qu\u00e9bec. Les trois laur\u00e9ats ont \u00e9t\u00e9 soigneusement s\u00e9lectionn\u00e9s par le conseil d\u2019administration de l\u2019A2C.<\/p>\n<blockquote class=\"wp-block-quote\">\n<p>Les r\u00e9cipiendaires de cette ann\u00e9e ont su contribuer \u00e0 l\u2019essor et \u00e0 l\u2019\u00e9volution de notre industrie de fa\u00e7on marquante. Chacun \u00e0 leur mani\u00e8re, M. Duval, M. Gari\u00e9py et Me B. Legault ont transform\u00e9 la communication marketing au Qu\u00e9bec, et c\u2019est un honneur de c\u00e9l\u00e9brer ces trois pionniers dont les accomplissements retentissent encore aujourd\u2019hui \u00bb, d\u00e9clare Louis Duchesne, pr\u00e9sident du conseil d\u2019administration de l\u2019A2C et pr\u00e9sident, Qu\u00e9bec et Est canadien chez Cossette.<\/p>\n<\/blockquote>\n<p><strong>Rendez-vous \u00e0 la Cin\u00e9math\u00e8que qu\u00e9b\u00e9coise le 1er d\u00e9cembre<\/strong><\/p>\n<p>L\u2019\u00e9v\u00e9nement Les grandes entrevues, qui mettra \u00e0 l\u2019honneur les laur\u00e9ats 2022 du Temple de la renomm\u00e9e de l\u2019A2C, se tiendra le jeudi 1er d\u00e9cembre d\u00e8s 8 h 15 \u00e0 la Cin\u00e9math\u00e8que qu\u00e9b\u00e9coise.<\/p>\n<p>Tous les professionnels de l&rsquo;industrie, recrues comme s\u00e9niors, sont invit\u00e9s \u00e0 y participer en grand nombre pour d\u00e9couvrir ou red\u00e9couvrir les carri\u00e8res extraordinaires de M. Duval, M. Gari\u00e9py et Me B. Legault.<\/p>\n<p>Des rencontres intimistes avec ces grands visionnaires de l&rsquo;industrie men\u00e9es par Annie Desrochers y seront propos\u00e9es. Chaque entrevue permettra d\u2019en apprendre davantage sur le parcours exceptionnel et la vision unique de ces trois personnalit\u00e9s qui ont \u00e9crit l\u2019histoire et continuent de le faire.<\/p>\n<p>R\u00e9servez vos places <a rel=\"noreferrer noopener\" href=\"https:\/\/www.zeffy.com\/fr-CA\/ticketing\/fdda6fa6-17db-43dc-8e5c-4908e0cd200f\" target=\"_blank\">d\u00e8s maintenant ici<\/a>.<\/p>\n<p><strong>Les laur\u00e9ats<\/strong><\/p>\n<ul>\n<li><strong>Profil B\u00e2tisseur \u2013 Jacques Duval<\/strong><\/li>\n<\/ul>\n<p><em>Remis \u00e0 un haut dirigeant pour l\u2019importance de son \u0153uvre.<\/em><\/p>\n<p>Pr\u00e9sident ex\u00e9cutif du conseil, EERS, Ex-pr\u00e9sident du Conseil, McCann Canada, Ex-pr\u00e9sident et chef de la direction, Marketel<\/p>\n<p>\u00c0 la t\u00eate de l\u2019agence Marketel, Jacques Duval a \u00e9t\u00e9 le premier, en 1987, \u00e0 conclure un partenariat avec un r\u00e9seau international &#8211; McCann-Erickson \u2013 tout en conservant une propri\u00e9t\u00e9 majoritairement qu\u00e9b\u00e9coise. Il a ainsi pu desservir \u00e0 l\u2019\u00e9chelle nationale, \u00e0 partir de Montr\u00e9al, des clients majeurs tels que L\u2019Or\u00e9al, Coca-Cola et Air Canada. Pour Air Canada qui, en 2004, peinait \u00e0 sortir de la faillite, il a \u00e9t\u00e9 \u00e0 l\u2019origine d\u2019une op\u00e9ration inusit\u00e9e et \u00e0 grand impact : associer l\u2019annonceur \u00e0 une chanson interpr\u00e9t\u00e9e par nulle autre que C\u00e9line Dion. <\/p>\n<p>Il s\u2019est par ailleurs impliqu\u00e9 intens\u00e9ment, pendant sa carri\u00e8re, dans divers enjeux d\u2019importance pour l\u2019industrie. \u00c0 la t\u00eate du conseil d\u2019administration de l\u2019AAPQ (aujourd\u2019hui l\u2019A2C), il s\u2019est employ\u00e9 \u00e0 restreindre consid\u00e9rablement la pratique des pr\u00e9sentations sp\u00e9culatives (pitchs), qui drainaient consid\u00e9rablement les moyens et les \u00e9nergies des agences. Il a aussi \u00e9t\u00e9 le seul qu\u00e9b\u00e9cois \u00e0 avoir \u00e9t\u00e9 \u00e9lu au poste de pr\u00e9sident du conseil \u00e0 l\u2019Institute of Communication Agencies (ICA).<\/p>\n<ul>\n<li><strong>Profil Phare \u2013 Roger Gari\u00e9py<\/strong><\/li>\n<\/ul>\n<p><em>Remis \u00e0 un professionnel de la communication qui a su inspirer par sa cr\u00e9ativit\u00e9 et sa pens\u00e9e strat\u00e9gique.<\/em><\/p>\n<p>R\u00e9alisateur, Ex-copropri\u00e9taire et directeur de la cr\u00e9ation, Bos.<\/p>\n<p>L\u2019agence Bos, n\u00e9e avec la mission premi\u00e8re de mettre la cr\u00e9ation au premier plan, a eu un impact consid\u00e9rable sur l\u2019industrie publicitaire au Qu\u00e9bec. Comme chef de la cr\u00e9ation de cette agence, Roger Gari\u00e9py a pr\u00e9sid\u00e9 la gen\u00e8se de campagnes rest\u00e9es m\u00e9morables. Novatrices, parfois provocatrices, mais toujours d\u2019une grande efficacit\u00e9, elles ont contribu\u00e9 \u00e0 faire \u00e9voluer la publicit\u00e9 qu\u00e9b\u00e9coise. On peut citer entre autres Le Journal de Montr\u00e9al (la campagne avec Martin Larocque), Honda (avec Martin Matte), le lancement de Fido, Hydro-Qu\u00e9bec (les prises de courant parlantes), Couche-Tard (la Sloche et autres), St-Hubert (avec personnalit\u00e9s et artistes qu\u00e9b\u00e9cois), l\u2019Archev\u00each\u00e9 de Montr\u00e9al et Jean Coutu. Apr\u00e8s la vente de Bos au r\u00e9seau japonais Dentsu, Roger a continu\u00e9 de jouer un r\u00f4le majeur dans l\u2019agence, contribuant \u00e0 hausser le profil de DentusBos au sein du r\u00e9seau \u00e0 l\u2019international.<\/p>\n<p>Depuis son d\u00e9part de la publicit\u00e9, Roger se consacre \u00e0 la r\u00e9alisation de films, accueillis favorablement et couronn\u00e9s de prix dans des festivals internationaux.<\/p>\n<ul>\n<li><strong>Profil Alli\u00e9 \u2013 Me Robert B. Legault<\/strong><\/li>\n<\/ul>\n<p><em>Remis \u00e0 une partenaire pour son engagement envers le milieu.<\/em><\/p>\n<p>Avocat, associ\u00e9 et co-fondateur, Legault Joly Thiffault avocats<\/p>\n<p>Robert Legault est le pionnier du droit publicitaire et des communications au Qu\u00e9bec. Il a jou\u00e9 un r\u00f4le crucial dans la cr\u00e9ation du cadre r\u00e8glementaire qui r\u00e9git la publicit\u00e9 au Qu\u00e9bec, et ce en fonction des int\u00e9r\u00eats de l\u2019industrie. On lui doit par exemple, entre autres, une bonne partie des r\u00e8glements qui r\u00e9gissent encore aujourd\u2019hui les concours et les promotions. Le cabinet d\u2019avocats Legault Joly Thiffault, aujourd\u2019hui LJT, qu\u2019il a contribu\u00e9 \u00e0 fonder, demeure le seul r\u00e9ellement sp\u00e9cialis\u00e9 en droit publicitaire.<\/p>\n<p>Au long de sa carri\u00e8re, Robert Legault a conseill\u00e9 la quasi-totalit\u00e9 des grandes agences de publicit\u00e9 au Qu\u00e9bec, de m\u00eame qu\u2019une bonne partie des annonceurs majeurs ainsi que les associations en lien avec l\u2019industrie. Il a d\u2019ailleurs \u00e9t\u00e9 le principal instigateur de la cr\u00e9ation de l\u2019AAPQ, devenue depuis l\u2019A2C. Il a ainsi grandement contribu\u00e9 \u00e0 ce que l\u2019industrie se d\u00e9veloppe dans les r\u00e8gles de l\u2019art et de fa\u00e7on organis\u00e9e.<\/p>\n<div class=\"likebtn_container\" style=\"clear:both;text-align:center;\"><!-- LikeBtn.com BEGIN --><span class=\"likebtn-wrapper\"  data-identifier=\"post_96487\"  data-site_id=\"5cc1ecd16fd08b776710d1e9\"  data-theme=\"drop\"  data-btn_size=\"100\"  data-icon_l=\"false\"  data-icon_d=\"false\"  data-icon_l_url=\"https:\/\/isarta.com\/infos\/wp-content\/uploads\/2019\/04\/happy.png#64794\"  data-icon_d_url=\"https:\/\/isarta.com\/infos\/wp-content\/uploads\/2019\/04\/sleep.png#64796\"  data-icon_size=\"58\"  data-icon_l_c=\"#771414\"  data-bg_c=\"#ffffff\"  data-bg_c_v=\"#ffffff\"  data-brdr_c=\"#ffffff\"  data-f_size=\"11\"  data-f_family=\"Tahoma\"  data-counter_fs=\"b\"  data-lang=\"fr\"  data-ef_voting=\"wobble\"  data-dislike_enabled=\"false\"  data-counter_type=\"percent\"  data-counter_show=\"false\"  data-tooltip_enabled=\"false\"  data-tooltip_like_show_always=\"true\"  data-white_label=\"true\"  data-i18n_like=\"Aimer \/ Partager\"  data-i18n_dislike=\"Pas aim\u00e9\"  data-style=\"\"  data-unlike_allowed=\"\"  data-show_copyright=\"\"  data-item_url=\"https:\/\/isarta.com\/infos\/les-laureats-2022-du-temple-de-la-renommee-devoiles\/\"  data-item_title=\"Les laur\u00e9ats 2022 du Temple de la renomm\u00e9e d\u00e9voil\u00e9s\"  data-item_image=\"https:\/\/isarta.com\/infos\/wp-content\/uploads\/2022\/11\/Temple-1200x630-1-1024x538.jpg\"  data-item_date=\"2022-11-02T17:32:14-04:00\"  data-engine=\"WordPress\"  data-plugin_v=\"2.6.54\"  data-prx=\"https:\/\/isarta.com\/infos\/wp-admin\/admin-ajax.php?action=likebtn_prx\"  data-event_handler=\"likebtn_eh\" ><\/span><!-- LikeBtn.com END --><\/p>\n<hr size=\"3\"><\/div>\n","protected":false},"excerpt":{"rendered":"<p>L&rsquo;Association des agences de communication cr\u00e9ative (A2C) vient d\u2019annoncer l\u2019intronisation de Jacques Duval (profil B\u00e2tisseur), Roger Gari\u00e9py (profil Phare) et Me Robert B. Legault (profil Alli\u00e9) \u00e0 son Temple de la renomm\u00e9e.<\/p>\n<div class=\"likebtn_container\" style=\"clear:both;text-align:center;\"><!-- LikeBtn.com BEGIN --><span class=\"likebtn-wrapper\"  data-identifier=\"post_96487\"  data-site_id=\"5cc1ecd16fd08b776710d1e9\"  data-theme=\"drop\"  data-btn_size=\"100\"  data-icon_l=\"false\"  data-icon_d=\"false\"  data-icon_l_url=\"https:\/\/isarta.com\/infos\/wp-content\/uploads\/2019\/04\/happy.png#64794\"  data-icon_d_url=\"https:\/\/isarta.com\/infos\/wp-content\/uploads\/2019\/04\/sleep.png#64796\"  data-icon_size=\"58\"  data-icon_l_c=\"#771414\"  data-bg_c=\"#ffffff\"  data-bg_c_v=\"#ffffff\"  data-brdr_c=\"#ffffff\"  data-f_size=\"11\"  data-f_family=\"Tahoma\"  data-counter_fs=\"b\"  data-lang=\"fr\"  data-ef_voting=\"wobble\"  data-dislike_enabled=\"false\"  data-counter_type=\"percent\"  data-counter_show=\"false\"  data-tooltip_enabled=\"false\"  data-tooltip_like_show_always=\"true\"  data-white_label=\"true\"  data-i18n_like=\"Aimer \/ Partager\"  data-i18n_dislike=\"Pas aim\u00e9\"  data-style=\"\"  data-unlike_allowed=\"\"  data-show_copyright=\"\"  data-item_url=\"https:\/\/isarta.com\/infos\/les-laureats-2022-du-temple-de-la-renommee-devoiles\/\"  data-item_title=\"Les laur\u00e9ats 2022 du Temple de la renomm\u00e9e d\u00e9voil\u00e9s\"  data-item_image=\"https:\/\/isarta.com\/infos\/wp-content\/uploads\/2022\/11\/Temple-1200x630-1-1024x538.jpg\"  data-item_date=\"2022-11-02T17:32:14-04:00\"  data-engine=\"WordPress\"  data-plugin_v=\"2.6.54\"  data-prx=\"https:\/\/isarta.com\/infos\/wp-admin\/admin-ajax.php?action=likebtn_prx\"  data-event_handler=\"likebtn_eh\" ><\/span><!-- LikeBtn.com END --><hr size=\"3\"><\/div>","protected":false},"author":1,"featured_media":96488,"comment_status":"closed","ping_status":"open","sticky":false,"template":"","format":"standard","meta":[],"categories":[195],"tags":[238,314,1176],"_links":{"self":[{"href":"https:\/\/isarta.com\/infos\/wp-json\/wp\/v2\/posts\/96487"}],"collection":[{"href":"https:\/\/isarta.com\/infos\/wp-json\/wp\/v2\/posts"}],"about":[{"href":"https:\/\/isarta.com\/infos\/wp-json\/wp\/v2\/types\/post"}],"author":[{"embeddable":true,"href":"https:\/\/isarta.com\/infos\/wp-json\/wp\/v2\/users\/1"}],"replies":[{"embeddable":true,"href":"https:\/\/isarta.com\/infos\/wp-json\/wp\/v2\/comments?post=96487"}],"version-history":[{"count":3,"href":"https:\/\/isarta.com\/infos\/wp-json\/wp\/v2\/posts\/96487\/revisions"}],"predecessor-version":[{"id":96491,"href":"https:\/\/isarta.com\/infos\/wp-json\/wp\/v2\/posts\/96487\/revisions\/96491"}],"wp:featuredmedia":[{"embeddable":true,"href":"https:\/\/isarta.com\/infos\/wp-json\/wp\/v2\/media\/96488"}],"wp:attachment":[{"href":"https:\/\/isarta.com\/infos\/wp-json\/wp\/v2\/media?parent=96487"}],"wp:term":[{"taxonomy":"category","embeddable":true,"href":"https:\/\/isarta.com\/infos\/wp-json\/wp\/v2\/categories?post=96487"},{"taxonomy":"post_tag","embeddable":true,"href":"https:\/\/isarta.com\/infos\/wp-json\/wp\/v2\/tags?post=96487"}],"curies":[{"name":"wp","href":"https:\/\/api.w.org\/{rel}","templated":true}]}}